{"id":81948,"date":"2023-11-08T22:48:17","date_gmt":"2023-11-08T22:48:17","guid":{"rendered":"https:\/\/jorgezanoni.com.br\/2019\/?p=81948"},"modified":"2023-11-08T23:30:59","modified_gmt":"2023-11-08T23:30:59","slug":"morre-cido-mattos-aposentado-do-banespa","status":"publish","type":"post","link":"https:\/\/jorgezanoni.com.br\/2019\/morre-cido-mattos-aposentado-do-banespa\/","title":{"rendered":"Morre Cido Mattos, aposentado do Banespa"},"content":{"rendered":"<p style=\"text-align: justify;\">Comunicamos com pesar o falecimento do banc\u00e1rio aposentado, Aparecido Mattos aos 75 anos, ocorrido no in\u00edcio da tarde desta quarta-feira (8).<\/p>\n<p style=\"text-align: justify;\">Deixa esposa, filhos, genro, nora, netos, demais familiares e irm\u00e3os de f\u00e9.<\/p>\n<p style=\"text-align: justify;\">\u00c9 pai do advogado Dr. Vladimir de Mattos.<\/p>\n<p style=\"text-align: justify;\">O SITE JZ e TOP TV se solidarizam com a fam\u00edlia e amigos, neste dif\u00edcil momento.<\/p>\n<p style=\"text-align: justify;\">O Vel\u00f3rio ocorre amanh\u00e3 (9) a partir das 16 H na sala 2 do Memorial Vida Prev, com cerim\u00f4nia religiosa na sexta-feira (10) \u00e0s 9 H e Sepultamento \u00e0s 10 H no Cemit\u00e9rio Municipal de Dracena.<\/p>\n<p style=\"text-align: justify;\">Jorge Zanoni<\/p>\n","protected":false},"excerpt":{"rendered":"<p>Comunicamos com pesar o falecimento do banc\u00e1rio aposentado, Aparecido Mattos aos 75 anos, ocorrido no in\u00edcio da tarde desta quarta-feira (8). Deixa esposa, filhos, genro, nora, netos, demais familiares e irm\u00e3os de f\u00e9. \u00c9 pai do advogado Dr. Vladimir de Mattos. O SITE JZ e TOP TV se solidarizam com a fam\u00edlia e amigos, neste [&hellip;]<\/p>\n","protected":false},"author":1,"featured_media":81949,"comment_status":"closed","ping_status":"open","sticky":false,"template":"","format":"standard","meta":{"footnotes":""},"categories":[178,110],"tags":[],"class_list":["post-81948","post","type-post","status-publish","format-standard","has-post-thumbnail","hentry","category-notadefalecimento","category-noticiasdestaque"],"_links":{"self":[{"href":"https:\/\/jorgezanoni.com.br\/2019\/wp-json\/wp\/v2\/posts\/81948","targetHints":{"allow":["GET"]}}],"collection":[{"href":"https:\/\/jorgezanoni.com.br\/2019\/wp-json\/wp\/v2\/posts"}],"about":[{"href":"https:\/\/jorgezanoni.com.br\/2019\/wp-json\/wp\/v2\/types\/post"}],"author":[{"embeddable":true,"href":"https:\/\/jorgezanoni.com.br\/2019\/wp-json\/wp\/v2\/users\/1"}],"replies":[{"embeddable":true,"href":"https:\/\/jorgezanoni.com.br\/2019\/wp-json\/wp\/v2\/comments?post=81948"}],"version-history":[{"count":2,"href":"https:\/\/jorgezanoni.com.br\/2019\/wp-json\/wp\/v2\/posts\/81948\/revisions"}],"predecessor-version":[{"id":81967,"href":"https:\/\/jorgezanoni.com.br\/2019\/wp-json\/wp\/v2\/posts\/81948\/revisions\/81967"}],"wp:featuredmedia":[{"embeddable":true,"href":"https:\/\/jorgezanoni.com.br\/2019\/wp-json\/wp\/v2\/media\/81949"}],"wp:attachment":[{"href":"https:\/\/jorgezanoni.com.br\/2019\/wp-json\/wp\/v2\/media?parent=81948"}],"wp:term":[{"taxonomy":"category","embeddable":true,"href":"https:\/\/jorgezanoni.com.br\/2019\/wp-json\/wp\/v2\/categories?post=81948"},{"taxonomy":"post_tag","embeddable":true,"href":"https:\/\/jorgezanoni.com.br\/2019\/wp-json\/wp\/v2\/tags?post=81948"}],"curies":[{"name":"wp","href":"https:\/\/api.w.org\/{rel}","templated":true}]}}