{"id":81942,"date":"2023-11-08T00:52:28","date_gmt":"2023-11-08T00:52:28","guid":{"rendered":"https:\/\/jorgezanoni.com.br\/2019\/?p=81942"},"modified":"2023-11-08T00:52:28","modified_gmt":"2023-11-08T00:52:28","slug":"celso-ou-celsinho-meu-irmao-entre-vespas-e-lambrettas-por-sergio-barbosa","status":"publish","type":"post","link":"https:\/\/jorgezanoni.com.br\/2019\/celso-ou-celsinho-meu-irmao-entre-vespas-e-lambrettas-por-sergio-barbosa\/","title":{"rendered":"Celso ou Celsinho, meu irm\u00e3o, entre &#8220;Vespas e Lambrettas&#8221;&#8230; (por S\u00e9rgio Barbosa)"},"content":{"rendered":"<p style=\"text-align: justify;\"><strong>CELSO OU CELSINHO, MEU IRM\u00c3O, ENTRE \u201c VESPAS E LAMBRETTAS&#8230;\u201d<\/strong><\/p>\n<p style=\"text-align: justify;\"><em>\u201dLambreta, motoneta, vespa ou scooter s\u00e3o nomes distintos dados a um mesmo tipo de ve\u00edculo de duas rodas, em que o condutor mant\u00e9m suas pernas \u00e0 frente do tronco, sobre um piso. Sua hist\u00f3ria se associa \u00e0 reconstru\u00e7\u00e3o da It\u00e1lia ap\u00f3s a Segunda Guerra Mundial, quando foi preciso desenvolver um meio de transporte c\u00f4modo, de f\u00e1cil manejo e barato. A mais famosa dentre as motonetas foi a Lambretta, cuja produ\u00e7\u00e3o teve in\u00edcio em 1947, nas proximidades de Mil\u00e3o, por iniciativa de Ferdinando Innocenti.\u201d<\/em> <strong>FONTE: <\/strong><a href=\"https:\/\/acervo.oglobo.globo.com\/propaganda\/veiculos\/lambretta-marca-que-virou-categoria-14229374#ixzz5XnnPrEVm\"><strong>https:\/\/acervo.oglobo.globo.com\/propaganda\/veiculos\/lambretta-marca-que-virou-categoria-14229374#ixzz5XnnPrEVm<\/strong><\/a><strong><br \/>\nstest<\/strong><\/p>\n<p style=\"text-align: justify;\"><strong>By\u00b4seb@r. <\/strong><\/p>\n<p style=\"text-align: justify;\">\u201cQuando eu era crian\u00e7a pequena\u201d\u00a0 em OURINHOS, ainda, neste tempo novo tempo e perdido nas muitas recorda\u00e7\u00f5es familiares, recordo do meu irm\u00e3o mais velho, CELSO, tamb\u00e9m, conhecido como \u201cCELSINHO\u201d e no trabalho, como \u201cCELSINHO CHOQUE\u201d&#8230;<\/p>\n<p style=\"text-align: justify;\">Posso atestar que o mesmo era \u201cbom de briga\u201d, al\u00e9m de ser como diziam naquele outro tempo, \u201cencrenqueiro\u201d e \u201cinvocado\u201d com tudo e todos&#8230;<\/p>\n<p style=\"text-align: justify;\">Desde crian\u00e7a, depois adolescente e jovem, gostava de \u201cjogar bola\u201d, depois, \u201cfutebol\u201d e na VILA MARGARIDA, era titular do time denominado de \u201cXV DE NOVEMBRO\u201d juntamente com outros colegas da Vila, entre os quais, o \u201cCAMBETA, RENATO\u201d e outros que embarcaram no tempo do outro tempo&#8230;<\/p>\n<p style=\"text-align: justify;\">O meu irm\u00e3o, CELSO, embarcou para o outro tempo em 1985, depois de muitos desencontros com o seu EU em meio aos problemas causados pela tal da \u201cdepress\u00e3o\u201d, ainda, neste per\u00edodo de mais ou menos uns seis meses, estive do lado dele para dar apoio e cuidar da melhor forma poss\u00edvel da situa\u00e7\u00e3o&#8230;<\/p>\n<p style=\"text-align: justify;\">Mas, gostaria de destacar aqui, o CELSINHO que gostava de rodar o peda\u00e7o, al\u00e9m de algumas sa\u00eddas na regi\u00e3o de VESPA ou LABRETTA, marcas mais do que registradas naquela \u00e9poca de sonhos e aventuras para a juventude ourinhense&#8230;<\/p>\n<p style=\"text-align: justify;\">Nestas idas e vindas ora com VESPA ou LAMBRETTA, estava sempre junto com os amigos de aventuras motorizadas, JAIR E CARLOS, ambos j\u00e1 partiram para o outro tempo e est\u00e3o rodando de um lado para o outro neste tempo do tempo com suas \u201cm\u00e1quinas\u201d&#8230;<\/p>\n<p style=\"text-align: justify;\">\u00a0Aqui em meio \u00e0s minhas lembran\u00e7as, tamb\u00e9m, usavam das suas VESPA E LAMBRETTA para as famosas pescarias no \u201cPANEMA\u201d, al\u00e9m de outros lugares, entre os quais,\u00a0\u00a0 uma USINA DE ENERGIA pr\u00f3xima de OURINHOS&#8230;<\/p>\n<p style=\"text-align: justify;\">Na realidade mesmo, estar em cima destas \u201cm\u00e1quinas\u201d naquele tempo era conseguir \u201csair com esta ou aquela jovem\u201d, isso \u00e9, bem longe dos olhares dos pais, pois a turma era famosa com suas aventuras em terras ourinhenses&#8230;<\/p>\n<p style=\"text-align: justify;\">Posso atestar que nas minhas recorda\u00e7\u00f5es est\u00e3o registradas as muitas vezes que o meu pai, BASTI\u00c3O BARBOSA era obrigado a entrar na confus\u00e3o para dar um jeito nas lamban\u00e7as, quase sempre, inocentes do filho e assim por diante&#8230;<\/p>\n<p style=\"text-align: justify;\">Al\u00e9m do mais ou de menos, o rapaz era considerado como \u201cboa pra\u00e7a\u201d e usava o cabelo estilo \u201cELVIS\u201d e sempre que poss\u00edvel, de \u00f3culos RAYBAN, pe\u00e7a fundamental para fazer aquela pose de gal\u00e3 em cima de uma VESPA OU LAMBRETTA&#8230;<\/p>\n<p style=\"text-align: justify;\">Estes amigos, ou seja, CELSINHO, JAR E CARLOS, al\u00e9m de outros, permaneceram em OURINHOS e acabou cada qual trabalhando em alguma empresa, no caso do meu irm\u00e3o, depois de uma passagem como funcion\u00e1rio de uma USINA, por press\u00e3o sem mais e sem menos do meu pai, BASTI\u00c3O, que era ferrovi\u00e1rio da RVPSC-REDE DE VIA\u00c7\u00c3O PARAN\u00c1-SANTA CATARINA, ainda, que a crian\u00e7ada daquele tempo conhecia como RESTAURANTE VAGABUNDO, PASTEL SEM CARNE (RVPSC)&#8230;<\/p>\n<p style=\"text-align: justify;\">O \u201cCELSINHO\u201d, depois de algumas idas aqui e outras ali, entrou como funcion\u00e1rio na \u201cEstrada de Ferro\u201d e trabalhou alguns em APUCARANA-PR, MARRQUES DO REIS-PR e depois, foi transferido para OURINHOS&#8230;<\/p>\n<p style=\"text-align: justify;\">Mas, entendo que tais desencontros com aquele outro tempo, ainda, v\u00e3o continuar por aqui por meio destes textos que fazem parte dos bons e velhos tempos em OURINHOS&#8230;<\/p>\n<p><strong>AVE CELSO FRANCISCO BARBOSA (in memoriam)!<\/strong><\/p>\n","protected":false},"excerpt":{"rendered":"<p>CELSO OU CELSINHO, MEU IRM\u00c3O, ENTRE \u201c VESPAS E LAMBRETTAS&#8230;\u201d \u201dLambreta, motoneta, vespa ou scooter s\u00e3o nomes distintos dados a um mesmo tipo de ve\u00edculo de duas rodas, em que o condutor mant\u00e9m suas pernas \u00e0 frente do tronco, sobre um piso. Sua hist\u00f3ria se associa \u00e0 reconstru\u00e7\u00e3o da It\u00e1lia ap\u00f3s a Segunda Guerra Mundial, [&hellip;]<\/p>\n","protected":false},"author":1,"featured_media":81943,"comment_status":"closed","ping_status":"open","sticky":false,"template":"","format":"standard","meta":{"footnotes":""},"categories":[175],"tags":[],"class_list":["post-81942","post","type-post","status-publish","format-standard","has-post-thumbnail","hentry","category-artigos"],"_links":{"self":[{"href":"https:\/\/jorgezanoni.com.br\/2019\/wp-json\/wp\/v2\/posts\/81942","targetHints":{"allow":["GET"]}}],"collection":[{"href":"https:\/\/jorgezanoni.com.br\/2019\/wp-json\/wp\/v2\/posts"}],"about":[{"href":"https:\/\/jorgezanoni.com.br\/2019\/wp-json\/wp\/v2\/types\/post"}],"author":[{"embeddable":true,"href":"https:\/\/jorgezanoni.com.br\/2019\/wp-json\/wp\/v2\/users\/1"}],"replies":[{"embeddable":true,"href":"https:\/\/jorgezanoni.com.br\/2019\/wp-json\/wp\/v2\/comments?post=81942"}],"version-history":[{"count":1,"href":"https:\/\/jorgezanoni.com.br\/2019\/wp-json\/wp\/v2\/posts\/81942\/revisions"}],"predecessor-version":[{"id":81944,"href":"https:\/\/jorgezanoni.com.br\/2019\/wp-json\/wp\/v2\/posts\/81942\/revisions\/81944"}],"wp:featuredmedia":[{"embeddable":true,"href":"https:\/\/jorgezanoni.com.br\/2019\/wp-json\/wp\/v2\/media\/81943"}],"wp:attachment":[{"href":"https:\/\/jorgezanoni.com.br\/2019\/wp-json\/wp\/v2\/media?parent=81942"}],"wp:term":[{"taxonomy":"category","embeddable":true,"href":"https:\/\/jorgezanoni.com.br\/2019\/wp-json\/wp\/v2\/categories?post=81942"},{"taxonomy":"post_tag","embeddable":true,"href":"https:\/\/jorgezanoni.com.br\/2019\/wp-json\/wp\/v2\/tags?post=81942"}],"curies":[{"name":"wp","href":"https:\/\/api.w.org\/{rel}","templated":true}]}}