{"id":81899,"date":"2023-11-05T13:55:38","date_gmt":"2023-11-05T13:55:38","guid":{"rendered":"https:\/\/jorgezanoni.com.br\/2019\/?p=81899"},"modified":"2023-11-05T13:55:38","modified_gmt":"2023-11-05T13:55:38","slug":"as-silenciosas-dores-do-progresso-nos-corredores-do-seculo-xxi-por-solange-lisboa","status":"publish","type":"post","link":"https:\/\/jorgezanoni.com.br\/2019\/as-silenciosas-dores-do-progresso-nos-corredores-do-seculo-xxi-por-solange-lisboa\/","title":{"rendered":"As Silenciosas dores do Progresso, nos corredores do s\u00e9culo XXI   (por Solange Lisboa)"},"content":{"rendered":"<p style=\"text-align: justify;\"><strong>As Silenciosas dores do Progresso.\u00a0<\/strong><strong>Nos corredores do s\u00e9culo XXI.<\/strong><\/p>\n<p style=\"text-align: justify;\"><strong>Solange Lisboa<\/strong><\/p>\n<p style=\"text-align: justify;\">\u00c0 medida que caminhamos pelos corredores do s\u00e9culo XXI, sentimos\u00a0\u00a0 mais intensa necessidade de criar outros rumos, novas perspectivas e novos recursos para enfrentar as distor\u00e7\u00f5es e controv\u00e9rsias das mentes humanas e suas complexidades.<\/p>\n<p style=\"text-align: justify;\">As pessoas s\u00e3o diferentes nesse tempo de tantos desenvolvimentos cient\u00edficos, de grande participa\u00e7\u00e3o em temas dantes n\u00e3o t\u00e3o vis\u00edveis, e, no entanto, parece que ficamos insens\u00edveis, t\u00e3o cheios de conceitos e apuramos os preconceitos, contrariando de maneira inacredit\u00e1vel a sapi\u00eancia do contexto atual.<\/p>\n<p style=\"text-align: justify;\">Nos meus tempos de juventude, quer parecer que poucas pessoas espalhadas por toda a superf\u00edcie do Planeta Azul, desfrutavam dos saberes e algumas vantagens das quais dispunham seu universo econ\u00f4mico, que os levava a ter a chave para abrir algumas portas e saborear novos conhecimentos e descobertas da ent\u00e3o <em>\u201cinc\u00f3gnita pesquisa cient\u00edfica<\/em> \u201c.<\/p>\n<p style=\"text-align: justify;\">Hoje as telinhas nos mostram abertamente as fontes que ligam a energia do conhecimento e, mesmo os menos favorecidos tem contato, ainda que indireto, com essas informa\u00e7\u00f5es.<\/p>\n<p style=\"text-align: justify;\">Aconteceu no passado recente; 50 anos para ver a ci\u00eancia <em>ACONTECER<\/em> bem diante dos nossos olhos; fazemos parte dela;<\/p>\n<p style=\"text-align: justify;\">Est\u00e3o nas lembran\u00e7as dos que nasceram entre os anos 60 e 80:<\/p>\n<ul style=\"text-align: justify;\">\n<li>a estrutura tridimensional da mol\u00e9cula de DNA foi descoberta em 1953, por Francis Crick, James Watson e Maurice Wilkins, quando trabalhavam em Cambridge, no Reino Unido;<\/li>\n<li>O homem foi a Lua \u2013 20 de julho de 1969 &#8211; Neil Armstrong e Buzz Aldrin pousaram com seguran\u00e7a em \u201cMare Tranquillitatis\u201d, deixaram marcas de seus passos na lua<\/li>\n<li>A velocidade do mundo foi alterada drasticamente, posso dizer que \u201c<em>Vi Acontecer<\/em>\u201d: a ci\u00eancia se multiplicando e as pessoas se movendo em supers\u00f4nicos, avi\u00f5es mais velozes que o som, o OVERTURE com promessa de 1.800km\/h e nenhum som. Mais recente os X-59 desenvolvido pela <strong>NASA<\/strong>, emitir\u00e3o sons de apenas 75 decib\u00e9is.<\/li>\n<\/ul>\n<p style=\"text-align: justify;\">O que de mais moderno, o conhecimento humano puder promover: <strong><em>est\u00e1 acontecendo agora<\/em><\/strong>!<\/p>\n<p style=\"text-align: justify;\">Os assombrosos eventos da ci\u00eancia, voam por esses corredores distribuindo o bem e o mal, empatia e indiferen\u00e7a, paz e guerra, amor e \u00f3dio, verdades e fakes.<\/p>\n<p style=\"text-align: justify;\">\u00a0O Ser Humano fez tantas descobertas, criou benef\u00edcios at\u00e9 ent\u00e3o inesperados:<\/p>\n<p style=\"text-align: justify;\">Tiramos o som dos avi\u00f5es; tiramos a dor dos injet\u00e1veis; o gosto ruim dos xaropes; criamos os medicamentos antirretrovirais (ARV) para impedir a multiplica\u00e7\u00e3o do HIV no organismo.<\/p>\n<p style=\"text-align: justify;\">criamos portas autom\u00e1ticas; Ah! Jornada nas estrelas; M\u00e1quinas, computadores, celulares; diminu\u00edmos a dist\u00e2ncia entre os habitantes do planeta \u00e1gua; criamos desesperadas vacinas, para proteger e preservar a vida e a mais recente e n\u00e3o menos assustadora \u201c<em>Intelig\u00eancia Artificial<\/em>\u201d.<\/p>\n<p style=\"text-align: justify;\">E o caminho se alonga e surgem a cada instante mais novidades nesse t\u00fanel cheio de portas que denominamos \u201c<em>corredores do novo s\u00e9culo<\/em>\u201d.<\/p>\n<p style=\"text-align: justify;\">Em alguns pontos, antes espor\u00e1dicos, agora muito frequentes, h\u00e1 muros erguidos pelo sil\u00eancio, pelo descaso, pela falta de amor e de humanidade. Temos tudo nas m\u00e3os, mas se encontra vazio o cora\u00e7\u00e3o.<\/p>\n<p style=\"text-align: justify;\">Nesses corredores de avan\u00e7os, de novas ideias, de novos conceitos, de poucos valores, h\u00e1 um mundo de solit\u00e1rios e carentes, carentes de olhares doces, de boas palavras, de solidariedade, de grandes ou pequenas verdades; um mundo impenetr\u00e1vel, onde a psicologia e a psican\u00e1lise batem insistentemente para fazer contado e liberta-las.<\/p>\n<p style=\"text-align: justify;\">carentes de um ponto de descanso, um travesseiro de tranquilidade, um lugar nesse estranho corredor, onde a vida ganhe cor.<\/p>\n<p style=\"text-align: justify;\">Com tanto avan\u00e7o e descobertas, ficamos descobertos, como aquela est\u00f3ria do len\u00e7ol curto: \u201c<em>cobrimos os p\u00e9s e descobrimos a cabe\u00e7a\u201d. <\/em><\/p>\n<p style=\"text-align: justify;\">As dores causadas pela solid\u00e3o desse mundo p\u00f3s-moderno, precisa encontrar uma sa\u00edda, um t\u00fanel, um escape para <em>Pandora;<\/em> para um mundo onde \u201c<em>suic\u00eddio n\u00e3o seja uma solu\u00e7\u00e3o permanente, para um problema tempor\u00e1rio<\/em>\u201d. (Andrew Solomon)<\/p>\n<p style=\"text-align: justify;\">O suic\u00eddio n\u00e3o \u00e9 um fen\u00f4meno recente, mas os n\u00fameros t\u00eam impactado t\u00e3o fortemente os \u00f3rg\u00e3os internacionais de sa\u00fade que n\u00e3o h\u00e1 d\u00favidas: estamos diante de um grave problema de sa\u00fade p\u00fablica. No Brasil, cerca de 12 mil pessoas tiram a pr\u00f3pria vida por ano, quase 6% da popula\u00e7\u00e3o. No mundo, s\u00e3o cerca de 800 mil\u00a0 suic\u00eddios anuais. O Brasil s\u00f3 perde para os EUA.<\/p>\n<p style=\"text-align: justify;\">N\u00e3o por acaso, desde 2003, o dia 10 de setembro foi escolhido como o Dia Mundial de Preven\u00e7\u00e3o do Suic\u00eddio.<\/p>\n<p style=\"text-align: justify;\">Precisamos com urg\u00eancia ver a Luz no final desse corredor&#8230;.<\/p>\n<p style=\"text-align: justify;\">Solange Lisboa<br \/>\nEscritora\/ Poetisa<\/p>\n<p style=\"text-align: justify;\">@solnlisboa<\/p>\n<p style=\"text-align: justify;\">Solangeserrao3@gmail.com<br \/>\n19\/07\/2023<\/p>\n<p style=\"text-align: justify;\"><a href=\"https:\/\/www.saude.ba.gov.br\/2020\/09\/10\/oms-alerta-suicidio-e-a-3a-causa-de-morte-de-jovens-brasileiros-entre-15-e-29-anos\/\">OMS alerta: Suic\u00eddio \u00e9 a 3\u00aa causa de morte de jovens brasileiros entre 15 e 29 anos<\/a>\u00a0 https:\/\/www.saude.ba.gov.br\/2020\/09\/10\/oms-alerta-suicidio-e-a-3a-causa-de-morte-de-jovens-brasileiros-entre-15-e-29-anos\/<\/p>\n<p>&nbsp;<\/p>\n","protected":false},"excerpt":{"rendered":"<p>As Silenciosas dores do Progresso.\u00a0Nos corredores do s\u00e9culo XXI. Solange Lisboa \u00c0 medida que caminhamos pelos corredores do s\u00e9culo XXI, sentimos\u00a0\u00a0 mais intensa necessidade de criar outros rumos, novas perspectivas e novos recursos para enfrentar as distor\u00e7\u00f5es e controv\u00e9rsias das mentes humanas e suas complexidades. As pessoas s\u00e3o diferentes nesse tempo de tantos desenvolvimentos cient\u00edficos, [&hellip;]<\/p>\n","protected":false},"author":1,"featured_media":81900,"comment_status":"closed","ping_status":"open","sticky":false,"template":"","format":"standard","meta":{"footnotes":""},"categories":[175],"tags":[],"class_list":["post-81899","post","type-post","status-publish","format-standard","has-post-thumbnail","hentry","category-artigos"],"_links":{"self":[{"href":"https:\/\/jorgezanoni.com.br\/2019\/wp-json\/wp\/v2\/posts\/81899","targetHints":{"allow":["GET"]}}],"collection":[{"href":"https:\/\/jorgezanoni.com.br\/2019\/wp-json\/wp\/v2\/posts"}],"about":[{"href":"https:\/\/jorgezanoni.com.br\/2019\/wp-json\/wp\/v2\/types\/post"}],"author":[{"embeddable":true,"href":"https:\/\/jorgezanoni.com.br\/2019\/wp-json\/wp\/v2\/users\/1"}],"replies":[{"embeddable":true,"href":"https:\/\/jorgezanoni.com.br\/2019\/wp-json\/wp\/v2\/comments?post=81899"}],"version-history":[{"count":1,"href":"https:\/\/jorgezanoni.com.br\/2019\/wp-json\/wp\/v2\/posts\/81899\/revisions"}],"predecessor-version":[{"id":81901,"href":"https:\/\/jorgezanoni.com.br\/2019\/wp-json\/wp\/v2\/posts\/81899\/revisions\/81901"}],"wp:featuredmedia":[{"embeddable":true,"href":"https:\/\/jorgezanoni.com.br\/2019\/wp-json\/wp\/v2\/media\/81900"}],"wp:attachment":[{"href":"https:\/\/jorgezanoni.com.br\/2019\/wp-json\/wp\/v2\/media?parent=81899"}],"wp:term":[{"taxonomy":"category","embeddable":true,"href":"https:\/\/jorgezanoni.com.br\/2019\/wp-json\/wp\/v2\/categories?post=81899"},{"taxonomy":"post_tag","embeddable":true,"href":"https:\/\/jorgezanoni.com.br\/2019\/wp-json\/wp\/v2\/tags?post=81899"}],"curies":[{"name":"wp","href":"https:\/\/api.w.org\/{rel}","templated":true}]}}