{"id":81884,"date":"2023-11-05T13:36:48","date_gmt":"2023-11-05T13:36:48","guid":{"rendered":"https:\/\/jorgezanoni.com.br\/2019\/?p=81884"},"modified":"2023-11-05T13:36:48","modified_gmt":"2023-11-05T13:36:48","slug":"aniversariantes-do-dia-05-11-23","status":"publish","type":"post","link":"https:\/\/jorgezanoni.com.br\/2019\/aniversariantes-do-dia-05-11-23\/","title":{"rendered":"Aniversariantes do Dia 05\/11\/23"},"content":{"rendered":"<p>O SITE JZ PARABENIZA OS ANIVERSARIANTES DE HOJE:<\/p>\n<p><img loading=\"lazy\" decoding=\"async\" class=\"alignnone size-full wp-image-81885\" src=\"https:\/\/jorgezanoni.com.br\/2019\/wp-content\/uploads\/2023\/11\/z-Ana-Maria-Janini-Temporim-Pequeno.jpg\" alt=\"\" width=\"480\" height=\"699\" srcset=\"https:\/\/jorgezanoni.com.br\/2019\/wp-content\/uploads\/2023\/11\/z-Ana-Maria-Janini-Temporim-Pequeno.jpg 480w, https:\/\/jorgezanoni.com.br\/2019\/wp-content\/uploads\/2023\/11\/z-Ana-Maria-Janini-Temporim-Pequeno-206x300.jpg 206w, https:\/\/jorgezanoni.com.br\/2019\/wp-content\/uploads\/2023\/11\/z-Ana-Maria-Janini-Temporim-Pequeno-288x420.jpg 288w\" sizes=\"auto, (max-width: 480px) 100vw, 480px\" \/>Ana Maria Janini Temporim<\/p>\n<p><img loading=\"lazy\" decoding=\"async\" class=\"alignnone size-full wp-image-81886\" src=\"https:\/\/jorgezanoni.com.br\/2019\/wp-content\/uploads\/2023\/11\/z-Edna-Aparecida-da-Silva-Mendes-Pequeno.jpg\" alt=\"\" width=\"480\" height=\"496\" srcset=\"https:\/\/jorgezanoni.com.br\/2019\/wp-content\/uploads\/2023\/11\/z-Edna-Aparecida-da-Silva-Mendes-Pequeno.jpg 480w, https:\/\/jorgezanoni.com.br\/2019\/wp-content\/uploads\/2023\/11\/z-Edna-Aparecida-da-Silva-Mendes-Pequeno-290x300.jpg 290w, https:\/\/jorgezanoni.com.br\/2019\/wp-content\/uploads\/2023\/11\/z-Edna-Aparecida-da-Silva-Mendes-Pequeno-406x420.jpg 406w\" sizes=\"auto, (max-width: 480px) 100vw, 480px\" \/>Edna Aparecida da Silva Mendes<\/p>\n<p><img loading=\"lazy\" decoding=\"async\" class=\"alignnone size-full wp-image-81888\" src=\"https:\/\/jorgezanoni.com.br\/2019\/wp-content\/uploads\/2023\/11\/z-Isabel-Verginassi-Pequeno.jpg\" alt=\"\" width=\"480\" height=\"546\" srcset=\"https:\/\/jorgezanoni.com.br\/2019\/wp-content\/uploads\/2023\/11\/z-Isabel-Verginassi-Pequeno.jpg 480w, https:\/\/jorgezanoni.com.br\/2019\/wp-content\/uploads\/2023\/11\/z-Isabel-Verginassi-Pequeno-264x300.jpg 264w, https:\/\/jorgezanoni.com.br\/2019\/wp-content\/uploads\/2023\/11\/z-Isabel-Verginassi-Pequeno-369x420.jpg 369w\" sizes=\"auto, (max-width: 480px) 100vw, 480px\" \/>Isabel Verginassi<\/p>\n<p><img loading=\"lazy\" decoding=\"async\" class=\"alignnone size-full wp-image-81889\" src=\"https:\/\/jorgezanoni.com.br\/2019\/wp-content\/uploads\/2023\/11\/z-Lenira-Silva-Pequeno.jpg\" alt=\"\" width=\"480\" height=\"778\" srcset=\"https:\/\/jorgezanoni.com.br\/2019\/wp-content\/uploads\/2023\/11\/z-Lenira-Silva-Pequeno.jpg 480w, https:\/\/jorgezanoni.com.br\/2019\/wp-content\/uploads\/2023\/11\/z-Lenira-Silva-Pequeno-185x300.jpg 185w, https:\/\/jorgezanoni.com.br\/2019\/wp-content\/uploads\/2023\/11\/z-Lenira-Silva-Pequeno-259x420.jpg 259w\" sizes=\"auto, (max-width: 480px) 100vw, 480px\" \/>Lenira Silva<\/p>\n<p><img loading=\"lazy\" decoding=\"async\" class=\"alignnone size-full wp-image-81890\" src=\"https:\/\/jorgezanoni.com.br\/2019\/wp-content\/uploads\/2023\/11\/z-Marcia-Calazans-Pequeno.jpg\" alt=\"\" width=\"480\" height=\"603\" srcset=\"https:\/\/jorgezanoni.com.br\/2019\/wp-content\/uploads\/2023\/11\/z-Marcia-Calazans-Pequeno.jpg 480w, https:\/\/jorgezanoni.com.br\/2019\/wp-content\/uploads\/2023\/11\/z-Marcia-Calazans-Pequeno-239x300.jpg 239w, https:\/\/jorgezanoni.com.br\/2019\/wp-content\/uploads\/2023\/11\/z-Marcia-Calazans-Pequeno-334x420.jpg 334w\" sizes=\"auto, (max-width: 480px) 100vw, 480px\" \/>M\u00e1rcia Calazans<\/p>\n<p><img loading=\"lazy\" decoding=\"async\" class=\"alignnone size-full wp-image-81891\" src=\"https:\/\/jorgezanoni.com.br\/2019\/wp-content\/uploads\/2023\/11\/z-Marcia-Freitas-Pequeno.jpg\" alt=\"\" width=\"480\" height=\"493\" srcset=\"https:\/\/jorgezanoni.com.br\/2019\/wp-content\/uploads\/2023\/11\/z-Marcia-Freitas-Pequeno.jpg 480w, https:\/\/jorgezanoni.com.br\/2019\/wp-content\/uploads\/2023\/11\/z-Marcia-Freitas-Pequeno-292x300.jpg 292w, https:\/\/jorgezanoni.com.br\/2019\/wp-content\/uploads\/2023\/11\/z-Marcia-Freitas-Pequeno-409x420.jpg 409w\" sizes=\"auto, (max-width: 480px) 100vw, 480px\" \/>M\u00e1rcia Freitas<\/p>\n<p><img loading=\"lazy\" decoding=\"async\" class=\"alignnone size-full wp-image-81892\" src=\"https:\/\/jorgezanoni.com.br\/2019\/wp-content\/uploads\/2023\/11\/z-Regina-Capobianco-Pequeno.jpg\" alt=\"\" width=\"408\" height=\"854\" srcset=\"https:\/\/jorgezanoni.com.br\/2019\/wp-content\/uploads\/2023\/11\/z-Regina-Capobianco-Pequeno.jpg 408w, https:\/\/jorgezanoni.com.br\/2019\/wp-content\/uploads\/2023\/11\/z-Regina-Capobianco-Pequeno-143x300.jpg 143w, https:\/\/jorgezanoni.com.br\/2019\/wp-content\/uploads\/2023\/11\/z-Regina-Capobianco-Pequeno-201x420.jpg 201w\" sizes=\"auto, (max-width: 408px) 100vw, 408px\" \/>Regina Capobianco<\/p>\n<p><img loading=\"lazy\" decoding=\"async\" class=\"alignnone size-full wp-image-81893\" src=\"https:\/\/jorgezanoni.com.br\/2019\/wp-content\/uploads\/2023\/11\/z-Rose-Marton-1-Pequeno.jpg\" alt=\"\" width=\"480\" height=\"487\" srcset=\"https:\/\/jorgezanoni.com.br\/2019\/wp-content\/uploads\/2023\/11\/z-Rose-Marton-1-Pequeno.jpg 480w, https:\/\/jorgezanoni.com.br\/2019\/wp-content\/uploads\/2023\/11\/z-Rose-Marton-1-Pequeno-296x300.jpg 296w, https:\/\/jorgezanoni.com.br\/2019\/wp-content\/uploads\/2023\/11\/z-Rose-Marton-1-Pequeno-414x420.jpg 414w\" sizes=\"auto, (max-width: 480px) 100vw, 480px\" \/>Rose Marton<\/p>\n<p><img loading=\"lazy\" decoding=\"async\" class=\"alignnone size-full wp-image-81894\" src=\"https:\/\/jorgezanoni.com.br\/2019\/wp-content\/uploads\/2023\/11\/z-Tania-Chaim-1-Pequeno.jpg\" alt=\"\" width=\"480\" height=\"502\" srcset=\"https:\/\/jorgezanoni.com.br\/2019\/wp-content\/uploads\/2023\/11\/z-Tania-Chaim-1-Pequeno.jpg 480w, https:\/\/jorgezanoni.com.br\/2019\/wp-content\/uploads\/2023\/11\/z-Tania-Chaim-1-Pequeno-287x300.jpg 287w, https:\/\/jorgezanoni.com.br\/2019\/wp-content\/uploads\/2023\/11\/z-Tania-Chaim-1-Pequeno-402x420.jpg 402w\" sizes=\"auto, (max-width: 480px) 100vw, 480px\" \/>T\u00e2nia Chaim<\/p>\n<p><img loading=\"lazy\" decoding=\"async\" class=\"alignnone size-full wp-image-81895\" src=\"https:\/\/jorgezanoni.com.br\/2019\/wp-content\/uploads\/2023\/11\/z-Tania-Tessari-Soares-Pequeno.jpg\" alt=\"\" width=\"480\" height=\"621\" srcset=\"https:\/\/jorgezanoni.com.br\/2019\/wp-content\/uploads\/2023\/11\/z-Tania-Tessari-Soares-Pequeno.jpg 480w, https:\/\/jorgezanoni.com.br\/2019\/wp-content\/uploads\/2023\/11\/z-Tania-Tessari-Soares-Pequeno-232x300.jpg 232w, https:\/\/jorgezanoni.com.br\/2019\/wp-content\/uploads\/2023\/11\/z-Tania-Tessari-Soares-Pequeno-325x420.jpg 325w\" sizes=\"auto, (max-width: 480px) 100vw, 480px\" \/>T\u00e2nia Tessari Soares<\/p>\n<p><img loading=\"lazy\" decoding=\"async\" class=\"alignnone size-full wp-image-81896\" src=\"https:\/\/jorgezanoni.com.br\/2019\/wp-content\/uploads\/2023\/11\/z-Valdemir-da-Silva-Pequeno.jpg\" alt=\"\" width=\"480\" height=\"600\" srcset=\"https:\/\/jorgezanoni.com.br\/2019\/wp-content\/uploads\/2023\/11\/z-Valdemir-da-Silva-Pequeno.jpg 480w, https:\/\/jorgezanoni.com.br\/2019\/wp-content\/uploads\/2023\/11\/z-Valdemir-da-Silva-Pequeno-240x300.jpg 240w, https:\/\/jorgezanoni.com.br\/2019\/wp-content\/uploads\/2023\/11\/z-Valdemir-da-Silva-Pequeno-336x420.jpg 336w\" sizes=\"auto, (max-width: 480px) 100vw, 480px\" \/>Valdemir da Silva<\/p>\n<p><img loading=\"lazy\" decoding=\"async\" class=\"alignnone size-full wp-image-81897\" src=\"https:\/\/jorgezanoni.com.br\/2019\/wp-content\/uploads\/2023\/11\/z-Vera-Lucia-de-Fatima-Garbelini-Pequeno.jpg\" alt=\"\" width=\"530\" height=\"480\" srcset=\"https:\/\/jorgezanoni.com.br\/2019\/wp-content\/uploads\/2023\/11\/z-Vera-Lucia-de-Fatima-Garbelini-Pequeno.jpg 530w, https:\/\/jorgezanoni.com.br\/2019\/wp-content\/uploads\/2023\/11\/z-Vera-Lucia-de-Fatima-Garbelini-Pequeno-300x272.jpg 300w, https:\/\/jorgezanoni.com.br\/2019\/wp-content\/uploads\/2023\/11\/z-Vera-Lucia-de-Fatima-Garbelini-Pequeno-464x420.jpg 464w\" sizes=\"auto, (max-width: 530px) 100vw, 530px\" \/>Vera Lucia de F\u00e1tima Garbelini<\/p>\n<p>&nbsp;<\/p>\n","protected":false},"excerpt":{"rendered":"<p>O SITE JZ PARABENIZA OS ANIVERSARIANTES DE HOJE: Ana Maria Janini Temporim Edna Aparecida da Silva Mendes Isabel Verginassi Lenira Silva M\u00e1rcia Calazans M\u00e1rcia Freitas Regina Capobianco Rose Marton T\u00e2nia Chaim T\u00e2nia Tessari Soares Valdemir da Silva Vera Lucia de F\u00e1tima Garbelini &nbsp;<\/p>\n","protected":false},"author":1,"featured_media":81891,"comment_status":"closed","ping_status":"open","sticky":false,"template":"","format":"standard","meta":{"footnotes":""},"categories":[174,110],"tags":[],"class_list":["post-81884","post","type-post","status-publish","format-standard","has-post-thumbnail","hentry","category-aniversariantes","category-noticiasdestaque"],"_links":{"self":[{"href":"https:\/\/jorgezanoni.com.br\/2019\/wp-json\/wp\/v2\/posts\/81884","targetHints":{"allow":["GET"]}}],"collection":[{"href":"https:\/\/jorgezanoni.com.br\/2019\/wp-json\/wp\/v2\/posts"}],"about":[{"href":"https:\/\/jorgezanoni.com.br\/2019\/wp-json\/wp\/v2\/types\/post"}],"author":[{"embeddable":true,"href":"https:\/\/jorgezanoni.com.br\/2019\/wp-json\/wp\/v2\/users\/1"}],"replies":[{"embeddable":true,"href":"https:\/\/jorgezanoni.com.br\/2019\/wp-json\/wp\/v2\/comments?post=81884"}],"version-history":[{"count":1,"href":"https:\/\/jorgezanoni.com.br\/2019\/wp-json\/wp\/v2\/posts\/81884\/revisions"}],"predecessor-version":[{"id":81898,"href":"https:\/\/jorgezanoni.com.br\/2019\/wp-json\/wp\/v2\/posts\/81884\/revisions\/81898"}],"wp:featuredmedia":[{"embeddable":true,"href":"https:\/\/jorgezanoni.com.br\/2019\/wp-json\/wp\/v2\/media\/81891"}],"wp:attachment":[{"href":"https:\/\/jorgezanoni.com.br\/2019\/wp-json\/wp\/v2\/media?parent=81884"}],"wp:term":[{"taxonomy":"category","embeddable":true,"href":"https:\/\/jorgezanoni.com.br\/2019\/wp-json\/wp\/v2\/categories?post=81884"},{"taxonomy":"post_tag","embeddable":true,"href":"https:\/\/jorgezanoni.com.br\/2019\/wp-json\/wp\/v2\/tags?post=81884"}],"curies":[{"name":"wp","href":"https:\/\/api.w.org\/{rel}","templated":true}]}}