{"id":81879,"date":"2023-11-04T16:11:04","date_gmt":"2023-11-04T16:11:04","guid":{"rendered":"https:\/\/jorgezanoni.com.br\/2019\/?p=81879"},"modified":"2023-11-04T17:00:02","modified_gmt":"2023-11-04T17:00:02","slug":"moradora-de-santa-mercedes-morre-na-sp-563-ao-bater-com-caminhao-canavieiro-placas-de-dracena-proximo-a-venceslau","status":"publish","type":"post","link":"https:\/\/jorgezanoni.com.br\/2019\/moradora-de-santa-mercedes-morre-na-sp-563-ao-bater-com-caminhao-canavieiro-placas-de-dracena-proximo-a-venceslau\/","title":{"rendered":"Moradora de Santa Mercedes morre na SP-563 ao bater com caminh\u00e3o canavieiro placas de Dracena, pr\u00f3ximo a Venceslau"},"content":{"rendered":"<div class=\"xdj266r x11i5rnm xat24cr x1mh8g0r x1vvkbs x126k92a\">\n<div dir=\"auto\" style=\"text-align: justify;\"><strong>Presidente Venceslau\/SP \u2013 SP 563\u2013 Rodovia General Euclides de Oliveira Figueiredo, km 105,300, noite de sexta-feira (3).<\/strong><\/div>\n<div dir=\"auto\"><\/div>\n<\/div>\n<div class=\"x11i5rnm xat24cr x1mh8g0r x1vvkbs xtlvy1s x126k92a\" style=\"text-align: justify;\">\n<div dir=\"auto\">Durante a Opera\u00e7\u00e3o Finados 2023, a equipe do Policiamento Rodovi\u00e1rio registrou um grave acidente de tr\u00e2nsito, do tipo colis\u00e3o transversal, envolvendo uma GM\/S-10 e uma CVC Canavieira, onde o ve\u00edculo canavieiro cruzou a via e a caminhonete que transitava pela SP-563 no sentido norte, veio a colidir contra a \u00faltima unidade tracionada.<\/div>\n<div dir=\"auto\"><\/div>\n<\/div>\n<div class=\"x11i5rnm xat24cr x1mh8g0r x1vvkbs xtlvy1s x126k92a\" style=\"text-align: justify;\">\n<div dir=\"auto\">A condutora e passageiros do ve\u00edculo GM\/S-10 foram socorridos ao Pronto Socorro de Presidente Venceslau\/SP, a condutora, uma mulher de 42 anos, moradora do munic\u00edpio de Santa Mercedes\/SP, n\u00e3o resistiu aos ferimentos e entrou em \u00f3bito, j\u00e1 os passageiros sofreram ferimentos leves.<\/div>\n<div dir=\"auto\"><\/div>\n<\/div>\n<div class=\"x11i5rnm xat24cr x1mh8g0r x1vvkbs xtlvy1s x126k92a\" style=\"text-align: justify;\">\n<div dir=\"auto\">O condutor da CVC Canavieira, um homem de 32 anos, morador do munic\u00edpio de Dracena\/SP, n\u00e3o sofreu ferimentos e realizou o teste de etil\u00f4metro, onde verificou-se n\u00e3o estar sob influ\u00eancia de bebida alco\u00f3lica.<\/div>\n<div dir=\"auto\"><\/div>\n<\/div>\n<div class=\"x11i5rnm xat24cr x1mh8g0r x1vvkbs xtlvy1s x126k92a\" style=\"text-align: justify;\">\n<div dir=\"auto\">Local periciado e ocorr\u00eancia apresentada na Delegacia de Presidente Venceslau\/SP.<\/div>\n<div dir=\"auto\"><\/div>\n<\/div>\n<div class=\"x11i5rnm xat24cr x1mh8g0r x1vvkbs xtlvy1s x126k92a\">\n<div dir=\"auto\" style=\"text-align: justify;\">Equipes da Per\u00edcia, Corpo de Bombeiros e D.E.R, auxiliaram no local.<\/div>\n<div dir=\"auto\"><\/div>\n<div dir=\"auto\"><img loading=\"lazy\" decoding=\"async\" class=\"alignnone size-full wp-image-81880\" src=\"https:\/\/jorgezanoni.com.br\/2019\/wp-content\/uploads\/2023\/11\/z-santa-1.jpg\" alt=\"\" width=\"720\" height=\"1280\" srcset=\"https:\/\/jorgezanoni.com.br\/2019\/wp-content\/uploads\/2023\/11\/z-santa-1.jpg 720w, https:\/\/jorgezanoni.com.br\/2019\/wp-content\/uploads\/2023\/11\/z-santa-1-169x300.jpg 169w, https:\/\/jorgezanoni.com.br\/2019\/wp-content\/uploads\/2023\/11\/z-santa-1-576x1024.jpg 576w, https:\/\/jorgezanoni.com.br\/2019\/wp-content\/uploads\/2023\/11\/z-santa-1-696x1237.jpg 696w, https:\/\/jorgezanoni.com.br\/2019\/wp-content\/uploads\/2023\/11\/z-santa-1-236x420.jpg 236w\" sizes=\"auto, (max-width: 720px) 100vw, 720px\" \/><\/div>\n<div dir=\"auto\"><\/div>\n<div dir=\"auto\">Fonte\/Fotos: Imprensa PMR.<\/div>\n<div dir=\"auto\">Jorge Zanoni<\/div>\n<\/div>\n","protected":false},"excerpt":{"rendered":"<p>Presidente Venceslau\/SP \u2013 SP 563\u2013 Rodovia General Euclides de Oliveira Figueiredo, km 105,300, noite de sexta-feira (3). Durante a Opera\u00e7\u00e3o Finados 2023, a equipe do Policiamento Rodovi\u00e1rio registrou um grave acidente de tr\u00e2nsito, do tipo colis\u00e3o transversal, envolvendo uma GM\/S-10 e uma CVC Canavieira, onde o ve\u00edculo canavieiro cruzou a via e a caminhonete que [&hellip;]<\/p>\n","protected":false},"author":1,"featured_media":81881,"comment_status":"closed","ping_status":"open","sticky":false,"template":"","format":"standard","meta":{"footnotes":""},"categories":[170,110],"tags":[],"class_list":["post-81879","post","type-post","status-publish","format-standard","has-post-thumbnail","hentry","category-acidentes","category-noticiasdestaque"],"_links":{"self":[{"href":"https:\/\/jorgezanoni.com.br\/2019\/wp-json\/wp\/v2\/posts\/81879","targetHints":{"allow":["GET"]}}],"collection":[{"href":"https:\/\/jorgezanoni.com.br\/2019\/wp-json\/wp\/v2\/posts"}],"about":[{"href":"https:\/\/jorgezanoni.com.br\/2019\/wp-json\/wp\/v2\/types\/post"}],"author":[{"embeddable":true,"href":"https:\/\/jorgezanoni.com.br\/2019\/wp-json\/wp\/v2\/users\/1"}],"replies":[{"embeddable":true,"href":"https:\/\/jorgezanoni.com.br\/2019\/wp-json\/wp\/v2\/comments?post=81879"}],"version-history":[{"count":2,"href":"https:\/\/jorgezanoni.com.br\/2019\/wp-json\/wp\/v2\/posts\/81879\/revisions"}],"predecessor-version":[{"id":81883,"href":"https:\/\/jorgezanoni.com.br\/2019\/wp-json\/wp\/v2\/posts\/81879\/revisions\/81883"}],"wp:featuredmedia":[{"embeddable":true,"href":"https:\/\/jorgezanoni.com.br\/2019\/wp-json\/wp\/v2\/media\/81881"}],"wp:attachment":[{"href":"https:\/\/jorgezanoni.com.br\/2019\/wp-json\/wp\/v2\/media?parent=81879"}],"wp:term":[{"taxonomy":"category","embeddable":true,"href":"https:\/\/jorgezanoni.com.br\/2019\/wp-json\/wp\/v2\/categories?post=81879"},{"taxonomy":"post_tag","embeddable":true,"href":"https:\/\/jorgezanoni.com.br\/2019\/wp-json\/wp\/v2\/tags?post=81879"}],"curies":[{"name":"wp","href":"https:\/\/api.w.org\/{rel}","templated":true}]}}