{"id":81836,"date":"2023-11-02T19:22:33","date_gmt":"2023-11-02T19:22:33","guid":{"rendered":"https:\/\/jorgezanoni.com.br\/2019\/?p=81836"},"modified":"2023-11-02T19:22:33","modified_gmt":"2023-11-02T19:22:33","slug":"zona-azul-3a-fase-de-implantacao-tem-inicio-amanha-3","status":"publish","type":"post","link":"https:\/\/jorgezanoni.com.br\/2019\/zona-azul-3a-fase-de-implantacao-tem-inicio-amanha-3\/","title":{"rendered":"ZONA AZUL: 3\u00aa Fase de implanta\u00e7\u00e3o tem in\u00edcio amanh\u00e3 (3)"},"content":{"rendered":"<p style=\"text-align: justify;\">A terceira fase de implanta\u00e7\u00e3o da Zona Azul em Dracena ter\u00e1 in\u00edcio nesta sexta-feira (03), com mais 262 vagas, totalizando 662 vagas implantadas.<\/p>\n<p style=\"text-align: justify;\">Confira abaixo o mapa com a implanta\u00e7\u00e3o das vagas da 3\u00aa fase:<\/p>\n<p><img loading=\"lazy\" decoding=\"async\" class=\"alignnone size-full wp-image-81837\" src=\"https:\/\/jorgezanoni.com.br\/2019\/wp-content\/uploads\/2023\/11\/z-azul-Pequeno.jpg\" alt=\"\" width=\"661\" height=\"480\" srcset=\"https:\/\/jorgezanoni.com.br\/2019\/wp-content\/uploads\/2023\/11\/z-azul-Pequeno.jpg 661w, https:\/\/jorgezanoni.com.br\/2019\/wp-content\/uploads\/2023\/11\/z-azul-Pequeno-300x218.jpg 300w, https:\/\/jorgezanoni.com.br\/2019\/wp-content\/uploads\/2023\/11\/z-azul-Pequeno-324x235.jpg 324w, https:\/\/jorgezanoni.com.br\/2019\/wp-content\/uploads\/2023\/11\/z-azul-Pequeno-578x420.jpg 578w\" sizes=\"auto, (max-width: 661px) 100vw, 661px\" \/><\/p>\n<p style=\"text-align: justify;\"><strong>NOVOS LOCAIS:<\/strong> Avenidas Presidente Roosevelt e Vargas entre Visconde do Rio Branco e Princesa Isabel e Brasil at\u00e9 Tiradentes; Avenida Rui Barbosa da Vargas at\u00e9 15 de nobembro; Rua princesa Isabel da Roosevelt at\u00e9 15 de novembro; Expedicion\u00e1rios da Vargas at\u00e9 os dois pr\u00e9dios; Marechal Rondon entre Vargas e Roosevelt e Messias Ferrera da Palma da Jos\u00e9 Bonif\u00e1cio at\u00e9 a Brasil.<\/p>\n<p style=\"text-align: justify;\">J\u00e1 \u00e9 poss\u00edvel notar a diferen\u00e7a ao buscar vagas de estacionamento no centro da cidade, com mais disponibilidades e facilidade de estacionar. \u00c9 importante ressaltar que as monitoras s\u00e3o respons\u00e1veis pelo monitoramento do uso da vaga. O sistema emite o aviso automaticamente caso o ve\u00edculo n\u00e3o tenha ticket ativo.<\/p>\n<p style=\"text-align: justify;\">O ticket pode ser pago por meio do app Digipare, SMS, 0800, web site, pontos de venda e QR Code disponibilizados nas placas de sinaliza\u00e7\u00e3o de Zona Azul. Evite receber o aviso de cobran\u00e7a de tarifa. Ao estacionar, procure os meios de pagamento.<\/p>\n<p><img loading=\"lazy\" decoding=\"async\" class=\"alignnone size-full wp-image-81839\" src=\"https:\/\/jorgezanoni.com.br\/2019\/wp-content\/uploads\/2023\/11\/z-azul1-Pequeno.jpg\" alt=\"\" width=\"480\" height=\"480\" srcset=\"https:\/\/jorgezanoni.com.br\/2019\/wp-content\/uploads\/2023\/11\/z-azul1-Pequeno.jpg 480w, https:\/\/jorgezanoni.com.br\/2019\/wp-content\/uploads\/2023\/11\/z-azul1-Pequeno-300x300.jpg 300w, https:\/\/jorgezanoni.com.br\/2019\/wp-content\/uploads\/2023\/11\/z-azul1-Pequeno-150x150.jpg 150w, https:\/\/jorgezanoni.com.br\/2019\/wp-content\/uploads\/2023\/11\/z-azul1-Pequeno-420x420.jpg 420w\" sizes=\"auto, (max-width: 480px) 100vw, 480px\" \/><img loading=\"lazy\" decoding=\"async\" class=\"alignnone size-full wp-image-81838\" src=\"https:\/\/jorgezanoni.com.br\/2019\/wp-content\/uploads\/2023\/11\/z-azul-2-Pequeno.jpg\" alt=\"\" width=\"479\" height=\"854\" srcset=\"https:\/\/jorgezanoni.com.br\/2019\/wp-content\/uploads\/2023\/11\/z-azul-2-Pequeno.jpg 479w, https:\/\/jorgezanoni.com.br\/2019\/wp-content\/uploads\/2023\/11\/z-azul-2-Pequeno-168x300.jpg 168w, https:\/\/jorgezanoni.com.br\/2019\/wp-content\/uploads\/2023\/11\/z-azul-2-Pequeno-236x420.jpg 236w\" sizes=\"auto, (max-width: 479px) 100vw, 479px\" \/><\/p>\n","protected":false},"excerpt":{"rendered":"<p>A terceira fase de implanta\u00e7\u00e3o da Zona Azul em Dracena ter\u00e1 in\u00edcio nesta sexta-feira (03), com mais 262 vagas, totalizando 662 vagas implantadas. Confira abaixo o mapa com a implanta\u00e7\u00e3o das vagas da 3\u00aa fase: NOVOS LOCAIS: Avenidas Presidente Roosevelt e Vargas entre Visconde do Rio Branco e Princesa Isabel e Brasil at\u00e9 Tiradentes; Avenida [&hellip;]<\/p>\n","protected":false},"author":1,"featured_media":81838,"comment_status":"closed","ping_status":"open","sticky":false,"template":"","format":"standard","meta":{"footnotes":""},"categories":[179,184,180,110],"tags":[],"class_list":["post-81836","post","type-post","status-publish","format-standard","has-post-thumbnail","hentry","category-cidadeseregiao","category-dracena","category-estradastransitoveiculos","category-noticiasdestaque"],"_links":{"self":[{"href":"https:\/\/jorgezanoni.com.br\/2019\/wp-json\/wp\/v2\/posts\/81836","targetHints":{"allow":["GET"]}}],"collection":[{"href":"https:\/\/jorgezanoni.com.br\/2019\/wp-json\/wp\/v2\/posts"}],"about":[{"href":"https:\/\/jorgezanoni.com.br\/2019\/wp-json\/wp\/v2\/types\/post"}],"author":[{"embeddable":true,"href":"https:\/\/jorgezanoni.com.br\/2019\/wp-json\/wp\/v2\/users\/1"}],"replies":[{"embeddable":true,"href":"https:\/\/jorgezanoni.com.br\/2019\/wp-json\/wp\/v2\/comments?post=81836"}],"version-history":[{"count":1,"href":"https:\/\/jorgezanoni.com.br\/2019\/wp-json\/wp\/v2\/posts\/81836\/revisions"}],"predecessor-version":[{"id":81840,"href":"https:\/\/jorgezanoni.com.br\/2019\/wp-json\/wp\/v2\/posts\/81836\/revisions\/81840"}],"wp:featuredmedia":[{"embeddable":true,"href":"https:\/\/jorgezanoni.com.br\/2019\/wp-json\/wp\/v2\/media\/81838"}],"wp:attachment":[{"href":"https:\/\/jorgezanoni.com.br\/2019\/wp-json\/wp\/v2\/media?parent=81836"}],"wp:term":[{"taxonomy":"category","embeddable":true,"href":"https:\/\/jorgezanoni.com.br\/2019\/wp-json\/wp\/v2\/categories?post=81836"},{"taxonomy":"post_tag","embeddable":true,"href":"https:\/\/jorgezanoni.com.br\/2019\/wp-json\/wp\/v2\/tags?post=81836"}],"curies":[{"name":"wp","href":"https:\/\/api.w.org\/{rel}","templated":true}]}}