{"id":81830,"date":"2023-11-02T17:38:19","date_gmt":"2023-11-02T17:38:19","guid":{"rendered":"https:\/\/jorgezanoni.com.br\/2019\/?p=81830"},"modified":"2023-11-02T17:38:19","modified_gmt":"2023-11-02T17:38:19","slug":"revoltado-cidadao-dracenense-faz-protesto-contra-envenenamento-e-morte-de-arvore","status":"publish","type":"post","link":"https:\/\/jorgezanoni.com.br\/2019\/revoltado-cidadao-dracenense-faz-protesto-contra-envenenamento-e-morte-de-arvore\/","title":{"rendered":"Revoltado, cidad\u00e3o dracenense faz protesto contra envenenamento e morte de \u00e1rvore"},"content":{"rendered":"<p style=\"text-align: justify;\">O advogado Vladimir de Mattos, revoltado com o envenenamento de uma \u00e1rvore localizada no Jardim Am\u00e9rica, pr\u00f3xima ao F\u00f3rum de Dracena, fixou um cartaz em protesto contra tal atitude do suposto autor dos fatos. \u201cPlantei essa \u00e1rvore h\u00e1 mais de 25 anos e agora estou sendo obrigado a ver ela morrendo envenenada por gente covarde. A natureza \u00e9 vida e s\u00f3 quem tem muito \u00f3dio no cora\u00e7\u00e3o ainda n\u00e3o entendeu isso\u201d, desabafou Vladimir. No detalhe da foto do tronco da \u00e1rvore, o suposto local do envenenamento.<\/p>\n<p><img loading=\"lazy\" decoding=\"async\" class=\"alignnone size-full wp-image-81832\" src=\"https:\/\/jorgezanoni.com.br\/2019\/wp-content\/uploads\/2023\/11\/vla-Pequeno.jpg\" alt=\"\" width=\"480\" height=\"638\" srcset=\"https:\/\/jorgezanoni.com.br\/2019\/wp-content\/uploads\/2023\/11\/vla-Pequeno.jpg 480w, https:\/\/jorgezanoni.com.br\/2019\/wp-content\/uploads\/2023\/11\/vla-Pequeno-226x300.jpg 226w, https:\/\/jorgezanoni.com.br\/2019\/wp-content\/uploads\/2023\/11\/vla-Pequeno-316x420.jpg 316w\" sizes=\"auto, (max-width: 480px) 100vw, 480px\" \/> <img loading=\"lazy\" decoding=\"async\" class=\"alignnone size-full wp-image-81833\" src=\"https:\/\/jorgezanoni.com.br\/2019\/wp-content\/uploads\/2023\/11\/vla1-Pequeno.jpg\" alt=\"\" width=\"480\" height=\"638\" srcset=\"https:\/\/jorgezanoni.com.br\/2019\/wp-content\/uploads\/2023\/11\/vla1-Pequeno.jpg 480w, https:\/\/jorgezanoni.com.br\/2019\/wp-content\/uploads\/2023\/11\/vla1-Pequeno-226x300.jpg 226w, https:\/\/jorgezanoni.com.br\/2019\/wp-content\/uploads\/2023\/11\/vla1-Pequeno-316x420.jpg 316w\" sizes=\"auto, (max-width: 480px) 100vw, 480px\" \/><\/p>\n<p>Fonte: Vladimir de Mattos<\/p>\n","protected":false},"excerpt":{"rendered":"<p>O advogado Vladimir de Mattos, revoltado com o envenenamento de uma \u00e1rvore localizada no Jardim Am\u00e9rica, pr\u00f3xima ao F\u00f3rum de Dracena, fixou um cartaz em protesto contra tal atitude do suposto autor dos fatos. \u201cPlantei essa \u00e1rvore h\u00e1 mais de 25 anos e agora estou sendo obrigado a ver ela morrendo envenenada por gente covarde. [&hellip;]<\/p>\n","protected":false},"author":1,"featured_media":81834,"comment_status":"closed","ping_status":"open","sticky":false,"template":"","format":"standard","meta":{"footnotes":""},"categories":[176,110],"tags":[],"class_list":["post-81830","post","type-post","status-publish","format-standard","has-post-thumbnail","hentry","category-meioambienteeagricultura","category-noticiasdestaque"],"_links":{"self":[{"href":"https:\/\/jorgezanoni.com.br\/2019\/wp-json\/wp\/v2\/posts\/81830","targetHints":{"allow":["GET"]}}],"collection":[{"href":"https:\/\/jorgezanoni.com.br\/2019\/wp-json\/wp\/v2\/posts"}],"about":[{"href":"https:\/\/jorgezanoni.com.br\/2019\/wp-json\/wp\/v2\/types\/post"}],"author":[{"embeddable":true,"href":"https:\/\/jorgezanoni.com.br\/2019\/wp-json\/wp\/v2\/users\/1"}],"replies":[{"embeddable":true,"href":"https:\/\/jorgezanoni.com.br\/2019\/wp-json\/wp\/v2\/comments?post=81830"}],"version-history":[{"count":1,"href":"https:\/\/jorgezanoni.com.br\/2019\/wp-json\/wp\/v2\/posts\/81830\/revisions"}],"predecessor-version":[{"id":81835,"href":"https:\/\/jorgezanoni.com.br\/2019\/wp-json\/wp\/v2\/posts\/81830\/revisions\/81835"}],"wp:featuredmedia":[{"embeddable":true,"href":"https:\/\/jorgezanoni.com.br\/2019\/wp-json\/wp\/v2\/media\/81834"}],"wp:attachment":[{"href":"https:\/\/jorgezanoni.com.br\/2019\/wp-json\/wp\/v2\/media?parent=81830"}],"wp:term":[{"taxonomy":"category","embeddable":true,"href":"https:\/\/jorgezanoni.com.br\/2019\/wp-json\/wp\/v2\/categories?post=81830"},{"taxonomy":"post_tag","embeddable":true,"href":"https:\/\/jorgezanoni.com.br\/2019\/wp-json\/wp\/v2\/tags?post=81830"}],"curies":[{"name":"wp","href":"https:\/\/api.w.org\/{rel}","templated":true}]}}