{"id":81779,"date":"2023-10-29T20:58:53","date_gmt":"2023-10-29T20:58:53","guid":{"rendered":"https:\/\/jorgezanoni.com.br\/2019\/?p=81779"},"modified":"2023-10-29T20:58:53","modified_gmt":"2023-10-29T20:58:53","slug":"morador-de-junqueiropolis-morre-apos-bater-veiculo-em-arvore-na-vicinal-do-bairro-duas-barras-em-junqueiropolis","status":"publish","type":"post","link":"https:\/\/jorgezanoni.com.br\/2019\/morador-de-junqueiropolis-morre-apos-bater-veiculo-em-arvore-na-vicinal-do-bairro-duas-barras-em-junqueiropolis\/","title":{"rendered":"Morador de Junqueir\u00f3polis morre ap\u00f3s bater ve\u00edculo em \u00e1rvore na Vicinal do Bairro Duas Barras em Junqueir\u00f3polis"},"content":{"rendered":"<div class=\"x11i5rnm xat24cr x1mh8g0r x1vvkbs xtlvy1s x126k92a\">\n<div dir=\"auto\" style=\"text-align: justify;\">\u00c9 com profundo pesar que o Portal FR comunica o falecimento do junqueiropolense Vin\u00edcius Calvo, 34 anos. Ele veio a \u00f3bito na madrugada deste domingo, 29\/10, no Hospital Regional de Presidente Prudente.<\/div>\n<\/div>\n<div class=\"x11i5rnm xat24cr x1mh8g0r x1vvkbs xtlvy1s x126k92a\" style=\"text-align: justify;\">\n<div dir=\"auto\">Vin\u00edcius teve a vida ceifada ap\u00f3s se envolver em um acidente automobil\u00edstico na noite deste s\u00e1bado, 28\/10, na Vicinal Alcides C\u00e2nola, via de liga\u00e7\u00e3o entre o bairro Duas Barras e a cidade de Junqueir\u00f3polis. De acordo com informa\u00e7\u00f5es obtidas pela reportagem do Portal FR, o carro dirigido por Vin\u00edcius colidiu numa \u00e1rvore ap\u00f3s ele perder o controle da dire\u00e7\u00e3o, no trecho da via compreendido entre o loteamento Greenville e a Igrejinha da Comunidade Rural Nossa Senhora Aparecida.<\/div>\n<\/div>\n<div class=\"x11i5rnm xat24cr x1mh8g0r x1vvkbs xtlvy1s x126k92a\" style=\"text-align: justify;\">\n<div dir=\"auto\">Calvo foi socorrido e, em estado grav\u00edssimo, levado ao Pronto Atendimento Municipal (PAM) de Junqueir\u00f3polis, de onde, posteriormente, foi transferido para o Hospital Regional de Presidente Prudente. Mas, devido \u00e0 gravidade dos ferimentos, infelizmente n\u00e3o resistiu e veio a \u00f3bito.<\/div>\n<\/div>\n<div class=\"x11i5rnm xat24cr x1mh8g0r x1vvkbs xtlvy1s x126k92a\" style=\"text-align: justify;\">\n<div dir=\"auto\">A not\u00edcia da morte precoce de Vin\u00edcius chocou a cidade de Junqueir\u00f3polis. As causas do acidente ser\u00e3o apuradas.<\/div>\n<\/div>\n<div class=\"x11i5rnm xat24cr x1mh8g0r x1vvkbs xtlvy1s x126k92a\" style=\"text-align: justify;\">\n<div dir=\"auto\">ESPORTISTA E \u201cBOA-PRA\u00c7A\u201d<\/div>\n<\/div>\n<div class=\"x11i5rnm xat24cr x1mh8g0r x1vvkbs xtlvy1s x126k92a\" style=\"text-align: justify;\">\n<div dir=\"auto\">Vin\u00edcius deixa a esposa Camila Vidoto, os filhos Lorena (14 anos), Murilo (9) e Miguel (<span class=\"x3nfvp2 x1j61x8r x1fcty0u xdj266r xhhsvwb xat24cr xgzva0m xxymvpz xlup9mm x1kky2od\"><img loading=\"lazy\" decoding=\"async\" class=\"xz74otr\" src=\"https:\/\/static.xx.fbcdn.net\/images\/emoji.php\/v9\/t83\/1\/16\/1f60e.png\" alt=\"\ud83d\ude0e\" width=\"16\" height=\"16\" \/><\/span>, pais, irm\u00e3, sobrinhos, demais familiares e amigos.<\/div>\n<\/div>\n<div class=\"x11i5rnm xat24cr x1mh8g0r x1vvkbs xtlvy1s x126k92a\" style=\"text-align: justify;\">\n<div dir=\"auto\">Farmac\u00eautico, era apaixonado por futebol, meio em que conquistou muitos amigos. Corintiano, era considerado por todos um \u201ccara boa-pra\u00e7a\u201d, amig\u00e1vel e muito simp\u00e1tico. Ele tamb\u00e9m era muito querido no Skol, um dos maiores e influentes grupos de WhatsApp da cidade.<\/div>\n<\/div>\n<div class=\"x11i5rnm xat24cr x1mh8g0r x1vvkbs xtlvy1s x126k92a\" style=\"text-align: justify;\">\n<div dir=\"auto\">Competitivo, Calvo deixou sua marca nos campos de futebol e tamb\u00e9m nas quadras de futsal. S\u00f3cio da Associa\u00e7\u00e3o Atl\u00e9tica Banco do Brasil (AABB), tinha v\u00ednculos no esporte com os amigos do bairro Duas Barras e Ariranha, com os Amigos de Quarta-Feira e, principalmente, com os Gal\u00e1cticos, tanto no campo quanto no futsal. Goleiro, tamb\u00e9m atuava na linha, como dirigente e auxiliar t\u00e9cnico.<\/div>\n<\/div>\n<div class=\"x11i5rnm xat24cr x1mh8g0r x1vvkbs xtlvy1s x126k92a\" style=\"text-align: justify;\">\n<div dir=\"auto\">Al\u00e9m das caracter\u00edsticas e atividades acima citadas, Vin\u00edcius tamb\u00e9m auxiliava o pai nos neg\u00f3cios da fam\u00edlia, que atua no ramo da pecu\u00e1ria.<\/div>\n<\/div>\n<div class=\"x11i5rnm xat24cr x1mh8g0r x1vvkbs xtlvy1s x126k92a\" style=\"text-align: justify;\">\n<div dir=\"auto\">Com certeza, vai deixar muita saudade. Descanse em paz, Vin\u00edcius!<\/div>\n<\/div>\n<div class=\"x11i5rnm xat24cr x1mh8g0r x1vvkbs xtlvy1s x126k92a\" style=\"text-align: justify;\">\n<div dir=\"auto\">VEL\u00d3RIO E SEPULTAMENTO<\/div>\n<\/div>\n<div class=\"x11i5rnm xat24cr x1mh8g0r x1vvkbs xtlvy1s x126k92a\" style=\"text-align: justify;\">\n<div dir=\"auto\">A despedida tem in\u00edcio hoje \u00e0s 17h, no Vel\u00f3rio Municipal de Junqueir\u00f3polis. O sepultamento est\u00e1 previsto para as 17h desta segunda-feira, 30\/10, no cemit\u00e9rio local.<\/div>\n<\/div>\n<div class=\"x11i5rnm xat24cr x1mh8g0r x1vvkbs xtlvy1s x126k92a\" style=\"text-align: justify;\">\n<div dir=\"auto\">Nossos sentimentos aos familiares e amigos enlutados.<\/div>\n<\/div>\n<div class=\"x11i5rnm xat24cr x1mh8g0r x1vvkbs xtlvy1s x126k92a\">\n<div dir=\"auto\" style=\"text-align: justify;\">Foto: Reprodu\u00e7\u00e3o\/Rede social<\/div>\n<div dir=\"auto\"><\/div>\n<\/div>\n<div dir=\"auto\">Fonte: Portal Fernando Ramos<\/div>\n","protected":false},"excerpt":{"rendered":"<p>\u00c9 com profundo pesar que o Portal FR comunica o falecimento do junqueiropolense Vin\u00edcius Calvo, 34 anos. Ele veio a \u00f3bito na madrugada deste domingo, 29\/10, no Hospital Regional de Presidente Prudente. Vin\u00edcius teve a vida ceifada ap\u00f3s se envolver em um acidente automobil\u00edstico na noite deste s\u00e1bado, 28\/10, na Vicinal Alcides C\u00e2nola, via de [&hellip;]<\/p>\n","protected":false},"author":1,"featured_media":81780,"comment_status":"closed","ping_status":"open","sticky":false,"template":"","format":"standard","meta":{"footnotes":""},"categories":[170,110],"tags":[],"class_list":["post-81779","post","type-post","status-publish","format-standard","has-post-thumbnail","hentry","category-acidentes","category-noticiasdestaque"],"_links":{"self":[{"href":"https:\/\/jorgezanoni.com.br\/2019\/wp-json\/wp\/v2\/posts\/81779","targetHints":{"allow":["GET"]}}],"collection":[{"href":"https:\/\/jorgezanoni.com.br\/2019\/wp-json\/wp\/v2\/posts"}],"about":[{"href":"https:\/\/jorgezanoni.com.br\/2019\/wp-json\/wp\/v2\/types\/post"}],"author":[{"embeddable":true,"href":"https:\/\/jorgezanoni.com.br\/2019\/wp-json\/wp\/v2\/users\/1"}],"replies":[{"embeddable":true,"href":"https:\/\/jorgezanoni.com.br\/2019\/wp-json\/wp\/v2\/comments?post=81779"}],"version-history":[{"count":1,"href":"https:\/\/jorgezanoni.com.br\/2019\/wp-json\/wp\/v2\/posts\/81779\/revisions"}],"predecessor-version":[{"id":81781,"href":"https:\/\/jorgezanoni.com.br\/2019\/wp-json\/wp\/v2\/posts\/81779\/revisions\/81781"}],"wp:featuredmedia":[{"embeddable":true,"href":"https:\/\/jorgezanoni.com.br\/2019\/wp-json\/wp\/v2\/media\/81780"}],"wp:attachment":[{"href":"https:\/\/jorgezanoni.com.br\/2019\/wp-json\/wp\/v2\/media?parent=81779"}],"wp:term":[{"taxonomy":"category","embeddable":true,"href":"https:\/\/jorgezanoni.com.br\/2019\/wp-json\/wp\/v2\/categories?post=81779"},{"taxonomy":"post_tag","embeddable":true,"href":"https:\/\/jorgezanoni.com.br\/2019\/wp-json\/wp\/v2\/tags?post=81779"}],"curies":[{"name":"wp","href":"https:\/\/api.w.org\/{rel}","templated":true}]}}