{"id":81774,"date":"2023-10-28T22:40:52","date_gmt":"2023-10-28T22:40:52","guid":{"rendered":"https:\/\/jorgezanoni.com.br\/2019\/?p=81774"},"modified":"2023-10-28T22:41:42","modified_gmt":"2023-10-28T22:41:42","slug":"em-dia-de-correicao-dr-nilton-paschoal-visita-delegacia-seccional-em-dracena","status":"publish","type":"post","link":"https:\/\/jorgezanoni.com.br\/2019\/em-dia-de-correicao-dr-nilton-paschoal-visita-delegacia-seccional-em-dracena\/","title":{"rendered":"Em dia de Correi\u00e7\u00e3o Dr. Nilton Paschoal visita amigos na Delegacia Seccional em Dracena"},"content":{"rendered":"<p style=\"text-align: justify;\"><strong>Nesta sexta-feira (27), a Delegacia Seccional de Pol\u00edcia de Dracena passou por correi\u00e7\u00e3o do DEINTER 8. Para alegria dos amigos e companheiros de trabalho, o Dr. Nilson Paschoal esteve acompanhando os trabalhos no per\u00edodo manh\u00e3.<\/strong><\/p>\n<p style=\"text-align: justify;\">Uma grata satisfa\u00e7\u00e3o poder estar com esse grande Amigo que representa muito para a\u00a0 Fam\u00edlia Policial Civil.<\/p>\n<p style=\"text-align: justify;\">A Pol\u00edcia Civil da regi\u00e3o de Dracena conta em seu quadro com esse guerreiro, que tem ao seu lado a esposa C\u00e9lia, disseram os amigos Dr. Andr\u00e9 Luengo e Dr. Alexandre Luengo, bem como toda a Equipe da Seccional de Dracena. Sa\u00fade e paz a todos.<\/p>\n<p style=\"text-align: justify;\">O SITE JZ e TOP TV ficam felizes em poder compartilhar essa not\u00edcia, desejando \u00f3tima recupera\u00e7\u00e3o ao querido amigo Dr. Nilton.<\/p>\n<p style=\"text-align: justify;\">Jorge Zanoni<\/p>\n<p>&nbsp;<\/p>\n","protected":false},"excerpt":{"rendered":"<p>Nesta sexta-feira (27), a Delegacia Seccional de Pol\u00edcia de Dracena passou por correi\u00e7\u00e3o do DEINTER 8. Para alegria dos amigos e companheiros de trabalho, o Dr. Nilson Paschoal esteve acompanhando os trabalhos no per\u00edodo manh\u00e3. Uma grata satisfa\u00e7\u00e3o poder estar com esse grande Amigo que representa muito para a\u00a0 Fam\u00edlia Policial Civil. A Pol\u00edcia Civil [&hellip;]<\/p>\n","protected":false},"author":1,"featured_media":81775,"comment_status":"closed","ping_status":"open","sticky":false,"template":"","format":"standard","meta":{"footnotes":""},"categories":[110,2],"tags":[],"class_list":["post-81774","post","type-post","status-publish","format-standard","has-post-thumbnail","hentry","category-noticiasdestaque","category-policial"],"_links":{"self":[{"href":"https:\/\/jorgezanoni.com.br\/2019\/wp-json\/wp\/v2\/posts\/81774","targetHints":{"allow":["GET"]}}],"collection":[{"href":"https:\/\/jorgezanoni.com.br\/2019\/wp-json\/wp\/v2\/posts"}],"about":[{"href":"https:\/\/jorgezanoni.com.br\/2019\/wp-json\/wp\/v2\/types\/post"}],"author":[{"embeddable":true,"href":"https:\/\/jorgezanoni.com.br\/2019\/wp-json\/wp\/v2\/users\/1"}],"replies":[{"embeddable":true,"href":"https:\/\/jorgezanoni.com.br\/2019\/wp-json\/wp\/v2\/comments?post=81774"}],"version-history":[{"count":2,"href":"https:\/\/jorgezanoni.com.br\/2019\/wp-json\/wp\/v2\/posts\/81774\/revisions"}],"predecessor-version":[{"id":81777,"href":"https:\/\/jorgezanoni.com.br\/2019\/wp-json\/wp\/v2\/posts\/81774\/revisions\/81777"}],"wp:featuredmedia":[{"embeddable":true,"href":"https:\/\/jorgezanoni.com.br\/2019\/wp-json\/wp\/v2\/media\/81775"}],"wp:attachment":[{"href":"https:\/\/jorgezanoni.com.br\/2019\/wp-json\/wp\/v2\/media?parent=81774"}],"wp:term":[{"taxonomy":"category","embeddable":true,"href":"https:\/\/jorgezanoni.com.br\/2019\/wp-json\/wp\/v2\/categories?post=81774"},{"taxonomy":"post_tag","embeddable":true,"href":"https:\/\/jorgezanoni.com.br\/2019\/wp-json\/wp\/v2\/tags?post=81774"}],"curies":[{"name":"wp","href":"https:\/\/api.w.org\/{rel}","templated":true}]}}