{"id":81746,"date":"2023-10-28T13:07:57","date_gmt":"2023-10-28T13:07:57","guid":{"rendered":"https:\/\/jorgezanoni.com.br\/2019\/?p=81746"},"modified":"2023-10-28T13:07:57","modified_gmt":"2023-10-28T13:07:57","slug":"morre-mulher-que-se-envolveu-em-acidente-de-moto-na-tarde-de-ontem-em-dracena","status":"publish","type":"post","link":"https:\/\/jorgezanoni.com.br\/2019\/morre-mulher-que-se-envolveu-em-acidente-de-moto-na-tarde-de-ontem-em-dracena\/","title":{"rendered":"Morre mulher que se envolveu em acidente de Moto na tarde de ontem em Dracena"},"content":{"rendered":"<p style=\"text-align: justify;\"><strong>Maria de F\u00e1tima Chical\u00e9 Gomes (Neila) de 58 anos n\u00e3o resistiu os ferimentos e veio a \u00f3bito as 23:40 no Pronto Atendimento Municipal de Dracena.<\/strong><\/p>\n<p>Deixa irm\u00e3os, sobrinhos, demais familiares e amigos.<\/p>\n<p style=\"text-align: justify;\">A cuidadora de idosos fazia o sentido Rua Monte Castelo ao centro da cidade e segundo informa\u00e7\u00f5es obtidas pela reportagem do SITE JZ e TOP TV, na esquina com a Rua Vendramim, teria derrapado com sua Motocicleta, caindo ao solo.<\/p>\n<p style=\"text-align: justify;\">Chovia no momento do acidente e ela foi socorrida em estado grave ao Pronto Atendimento Municipal por uma Unidade de Resgate do Corpo de Bombeiros.<\/p>\n<p style=\"text-align: justify;\">O Corpo foi removido pelo IML (Instituto M\u00e9dico Legal) para exames periciais e nesse momento est\u00e1 sendo preparado por profissionais da empresa Vida Prev.<\/p>\n<p style=\"text-align: justify;\">O Vel\u00f3rio come\u00e7a a partir das 12:00 no Memorial Vida Prev e o Sepultamento ocorre ainda hoje \u00e0s 16:00 Horas no Cemit\u00e9rio local.<\/p>\n<p style=\"text-align: justify;\">O Site JZ e TOP TV se solidarizam com os familiares e amigos neste dif\u00edcil momento.<\/p>\n<p><img loading=\"lazy\" decoding=\"async\" class=\"alignnone size-full wp-image-81747\" src=\"https:\/\/jorgezanoni.com.br\/2019\/wp-content\/uploads\/2023\/10\/z-acidente-chicale-1-2.jpg\" alt=\"\" width=\"479\" height=\"420\" srcset=\"https:\/\/jorgezanoni.com.br\/2019\/wp-content\/uploads\/2023\/10\/z-acidente-chicale-1-2.jpg 479w, https:\/\/jorgezanoni.com.br\/2019\/wp-content\/uploads\/2023\/10\/z-acidente-chicale-1-2-300x263.jpg 300w\" sizes=\"auto, (max-width: 479px) 100vw, 479px\" \/><\/p>\n<p>Jorge Zanoni<\/p>\n<p>&nbsp;<\/p>\n<p>&nbsp;<\/p>\n","protected":false},"excerpt":{"rendered":"<p>Maria de F\u00e1tima Chical\u00e9 Gomes (Neila) de 58 anos n\u00e3o resistiu os ferimentos e veio a \u00f3bito as 23:40 no Pronto Atendimento Municipal de Dracena. Deixa irm\u00e3os, sobrinhos, demais familiares e amigos. A cuidadora de idosos fazia o sentido Rua Monte Castelo ao centro da cidade e segundo informa\u00e7\u00f5es obtidas pela reportagem do SITE JZ [&hellip;]<\/p>\n","protected":false},"author":1,"featured_media":81748,"comment_status":"closed","ping_status":"open","sticky":false,"template":"","format":"standard","meta":{"footnotes":""},"categories":[110],"tags":[],"class_list":["post-81746","post","type-post","status-publish","format-standard","has-post-thumbnail","hentry","category-noticiasdestaque"],"_links":{"self":[{"href":"https:\/\/jorgezanoni.com.br\/2019\/wp-json\/wp\/v2\/posts\/81746","targetHints":{"allow":["GET"]}}],"collection":[{"href":"https:\/\/jorgezanoni.com.br\/2019\/wp-json\/wp\/v2\/posts"}],"about":[{"href":"https:\/\/jorgezanoni.com.br\/2019\/wp-json\/wp\/v2\/types\/post"}],"author":[{"embeddable":true,"href":"https:\/\/jorgezanoni.com.br\/2019\/wp-json\/wp\/v2\/users\/1"}],"replies":[{"embeddable":true,"href":"https:\/\/jorgezanoni.com.br\/2019\/wp-json\/wp\/v2\/comments?post=81746"}],"version-history":[{"count":1,"href":"https:\/\/jorgezanoni.com.br\/2019\/wp-json\/wp\/v2\/posts\/81746\/revisions"}],"predecessor-version":[{"id":81749,"href":"https:\/\/jorgezanoni.com.br\/2019\/wp-json\/wp\/v2\/posts\/81746\/revisions\/81749"}],"wp:featuredmedia":[{"embeddable":true,"href":"https:\/\/jorgezanoni.com.br\/2019\/wp-json\/wp\/v2\/media\/81748"}],"wp:attachment":[{"href":"https:\/\/jorgezanoni.com.br\/2019\/wp-json\/wp\/v2\/media?parent=81746"}],"wp:term":[{"taxonomy":"category","embeddable":true,"href":"https:\/\/jorgezanoni.com.br\/2019\/wp-json\/wp\/v2\/categories?post=81746"},{"taxonomy":"post_tag","embeddable":true,"href":"https:\/\/jorgezanoni.com.br\/2019\/wp-json\/wp\/v2\/tags?post=81746"}],"curies":[{"name":"wp","href":"https:\/\/api.w.org\/{rel}","templated":true}]}}