{"id":81743,"date":"2023-10-28T00:45:03","date_gmt":"2023-10-28T00:45:03","guid":{"rendered":"https:\/\/jorgezanoni.com.br\/2019\/?p=81743"},"modified":"2023-10-28T00:45:03","modified_gmt":"2023-10-28T00:45:03","slug":"diretor-do-deinter-8-realiza-trabalho-de-correicao-na-delegacia-seccional-de-policia-em-dracena","status":"publish","type":"post","link":"https:\/\/jorgezanoni.com.br\/2019\/diretor-do-deinter-8-realiza-trabalho-de-correicao-na-delegacia-seccional-de-policia-em-dracena\/","title":{"rendered":"Diretor do Deinter-8 realiza trabalho de correi\u00e7\u00e3o na Delegacia Seccional de Pol\u00edcia em Dracena"},"content":{"rendered":"<p style=\"text-align: justify;\">A Delegacia Seccional de Pol\u00edcia de Dracena, sob a dire\u00e7\u00e3o do Delegado Alexandre Luis Luengo Lopes, recebeu nesta sexta-feira (27) a equipe correicional do Departamento de Pol\u00edcia Judici\u00e1ria do Interior \u2013 Deinter 8, de Presidente Prudente. A equipe correicional, coordenada pelo Delegado de Pol\u00edcia Diretor do Departamento, Dr. Walmir Geralde, e acompanhada pelo Delegado Division\u00e1rio Andr\u00e9 Luengo, iniciou os trabalhos burocr\u00e1ticos pela manh\u00e3. No segundo expediente, o Diretor reuniu-se com os Delegados de Pol\u00edcia da \u00e1rea da Seccional Dracena.<br \/>\nDurante a reuni\u00e3o, foram abordados diversos temas, incluindo estat\u00edsticas, atualiza\u00e7\u00f5es jur\u00eddicas e novas recomenda\u00e7\u00f5es da Superior Administra\u00e7\u00e3o, visando a melhoria cont\u00ednua do atendimento ao p\u00fablico que utiliza os servi\u00e7os p\u00fablicos policiais dispon\u00edveis para a popula\u00e7\u00e3o. Os debates, as novas impress\u00f5es e a exposi\u00e7\u00e3o de atividades transformaram a reuni\u00e3o em um verdadeiro encontro jur\u00eddico em prol das comunidades.<br \/>\nAssim, os Delegados de Pol\u00edcia que atuam na regi\u00e3o demonstram, mais uma vez, estar atualizados e aptos a oferecer um atendimento de qualidade \u00e0 popula\u00e7\u00e3o, mantendo um combate ininterrupto aos crimes e suas solu\u00e7\u00f5es. Isso contribui significativamente para a tranquilidade regional. As particularidades de cada munic\u00edpio da \u00e1rea da Seccional Dracena foram apresentadas de forma altamente positiva durante a reuni\u00e3o.<br \/>\nAo final do encontro, o Delegado de Pol\u00edcia Diretor, Dr. Walmir Geralde, expressou sua satisfa\u00e7\u00e3o com o desenvolvimento dos trabalhos policiais na regi\u00e3o.<\/p>\n<p>Fonte: Com. Social Pol\u00edcia Civil<\/p>\n","protected":false},"excerpt":{"rendered":"<p>A Delegacia Seccional de Pol\u00edcia de Dracena, sob a dire\u00e7\u00e3o do Delegado Alexandre Luis Luengo Lopes, recebeu nesta sexta-feira (27) a equipe correicional do Departamento de Pol\u00edcia Judici\u00e1ria do Interior \u2013 Deinter 8, de Presidente Prudente. A equipe correicional, coordenada pelo Delegado de Pol\u00edcia Diretor do Departamento, Dr. Walmir Geralde, e acompanhada pelo Delegado Division\u00e1rio [&hellip;]<\/p>\n","protected":false},"author":1,"featured_media":81744,"comment_status":"closed","ping_status":"open","sticky":false,"template":"","format":"standard","meta":{"footnotes":""},"categories":[110,2],"tags":[],"class_list":["post-81743","post","type-post","status-publish","format-standard","has-post-thumbnail","hentry","category-noticiasdestaque","category-policial"],"_links":{"self":[{"href":"https:\/\/jorgezanoni.com.br\/2019\/wp-json\/wp\/v2\/posts\/81743","targetHints":{"allow":["GET"]}}],"collection":[{"href":"https:\/\/jorgezanoni.com.br\/2019\/wp-json\/wp\/v2\/posts"}],"about":[{"href":"https:\/\/jorgezanoni.com.br\/2019\/wp-json\/wp\/v2\/types\/post"}],"author":[{"embeddable":true,"href":"https:\/\/jorgezanoni.com.br\/2019\/wp-json\/wp\/v2\/users\/1"}],"replies":[{"embeddable":true,"href":"https:\/\/jorgezanoni.com.br\/2019\/wp-json\/wp\/v2\/comments?post=81743"}],"version-history":[{"count":1,"href":"https:\/\/jorgezanoni.com.br\/2019\/wp-json\/wp\/v2\/posts\/81743\/revisions"}],"predecessor-version":[{"id":81745,"href":"https:\/\/jorgezanoni.com.br\/2019\/wp-json\/wp\/v2\/posts\/81743\/revisions\/81745"}],"wp:featuredmedia":[{"embeddable":true,"href":"https:\/\/jorgezanoni.com.br\/2019\/wp-json\/wp\/v2\/media\/81744"}],"wp:attachment":[{"href":"https:\/\/jorgezanoni.com.br\/2019\/wp-json\/wp\/v2\/media?parent=81743"}],"wp:term":[{"taxonomy":"category","embeddable":true,"href":"https:\/\/jorgezanoni.com.br\/2019\/wp-json\/wp\/v2\/categories?post=81743"},{"taxonomy":"post_tag","embeddable":true,"href":"https:\/\/jorgezanoni.com.br\/2019\/wp-json\/wp\/v2\/tags?post=81743"}],"curies":[{"name":"wp","href":"https:\/\/api.w.org\/{rel}","templated":true}]}}