{"id":81717,"date":"2023-10-26T14:03:01","date_gmt":"2023-10-26T14:03:01","guid":{"rendered":"https:\/\/jorgezanoni.com.br\/2019\/?p=81717"},"modified":"2023-10-26T14:03:01","modified_gmt":"2023-10-26T14:03:01","slug":"policia-militar-em-acao-da-forca-tatica-flagra-trafico-de-drogas-e-local-usado-para-fracionamento-em-dracena","status":"publish","type":"post","link":"https:\/\/jorgezanoni.com.br\/2019\/policia-militar-em-acao-da-forca-tatica-flagra-trafico-de-drogas-e-local-usado-para-fracionamento-em-dracena\/","title":{"rendered":"Pol\u00edcia Militar em a\u00e7\u00e3o da For\u00e7a T\u00e1tica flagra Tr\u00e1fico de Drogas e local usado para fracionamento em Dracena"},"content":{"rendered":"<p style=\"text-align: justify;\">Na data de ontem (25) por volta das 17h durante o patrulhamento de For\u00e7a T\u00e1tica pelo Jardim Vera Cruz munic\u00edpio de Dracena \u00e1rea do 25\u00ba BPM\/I, foi localizado atrav\u00e9s de den\u00fancias uma resid\u00eancia que funcionava como ponto do tr\u00e1fico, com frequ\u00eancia de usu\u00e1rios e local para fracionamento do entorpecente. Ao chegar no local foram constatados o crime e as pessoas ali presentes, um homem de 20 anos, e 03 adolescentes (14, 15 e 17 anos) apreendidos pelo crime de tr\u00e1fico de drogas permanecendo \u00e0 disposi\u00e7\u00e3o da Justi\u00e7a.<br \/>\nForam apreendidos 0,200Kg de maconha, 03 facas, 01 rolo de embalagens, 01 caderno de contabilidade, R$184,00 reais e 02 celulares.<\/p>\n<p style=\"text-align: justify;\">#25BPMI<br \/>\n#CPI8<br \/>\n#POLICIAMILITARSP<br \/>\n#AFOR\u00c7APUBLICADES\u00c3OPAULO<\/p>\n","protected":false},"excerpt":{"rendered":"<p>Na data de ontem (25) por volta das 17h durante o patrulhamento de For\u00e7a T\u00e1tica pelo Jardim Vera Cruz munic\u00edpio de Dracena \u00e1rea do 25\u00ba BPM\/I, foi localizado atrav\u00e9s de den\u00fancias uma resid\u00eancia que funcionava como ponto do tr\u00e1fico, com frequ\u00eancia de usu\u00e1rios e local para fracionamento do entorpecente. Ao chegar no local foram constatados [&hellip;]<\/p>\n","protected":false},"author":1,"featured_media":81718,"comment_status":"closed","ping_status":"open","sticky":false,"template":"","format":"standard","meta":{"footnotes":""},"categories":[110,2],"tags":[],"class_list":["post-81717","post","type-post","status-publish","format-standard","has-post-thumbnail","hentry","category-noticiasdestaque","category-policial"],"_links":{"self":[{"href":"https:\/\/jorgezanoni.com.br\/2019\/wp-json\/wp\/v2\/posts\/81717","targetHints":{"allow":["GET"]}}],"collection":[{"href":"https:\/\/jorgezanoni.com.br\/2019\/wp-json\/wp\/v2\/posts"}],"about":[{"href":"https:\/\/jorgezanoni.com.br\/2019\/wp-json\/wp\/v2\/types\/post"}],"author":[{"embeddable":true,"href":"https:\/\/jorgezanoni.com.br\/2019\/wp-json\/wp\/v2\/users\/1"}],"replies":[{"embeddable":true,"href":"https:\/\/jorgezanoni.com.br\/2019\/wp-json\/wp\/v2\/comments?post=81717"}],"version-history":[{"count":1,"href":"https:\/\/jorgezanoni.com.br\/2019\/wp-json\/wp\/v2\/posts\/81717\/revisions"}],"predecessor-version":[{"id":81719,"href":"https:\/\/jorgezanoni.com.br\/2019\/wp-json\/wp\/v2\/posts\/81717\/revisions\/81719"}],"wp:featuredmedia":[{"embeddable":true,"href":"https:\/\/jorgezanoni.com.br\/2019\/wp-json\/wp\/v2\/media\/81718"}],"wp:attachment":[{"href":"https:\/\/jorgezanoni.com.br\/2019\/wp-json\/wp\/v2\/media?parent=81717"}],"wp:term":[{"taxonomy":"category","embeddable":true,"href":"https:\/\/jorgezanoni.com.br\/2019\/wp-json\/wp\/v2\/categories?post=81717"},{"taxonomy":"post_tag","embeddable":true,"href":"https:\/\/jorgezanoni.com.br\/2019\/wp-json\/wp\/v2\/tags?post=81717"}],"curies":[{"name":"wp","href":"https:\/\/api.w.org\/{rel}","templated":true}]}}