{"id":81687,"date":"2023-10-25T17:24:45","date_gmt":"2023-10-25T17:24:45","guid":{"rendered":"https:\/\/jorgezanoni.com.br\/2019\/?p=81687"},"modified":"2023-10-25T17:24:45","modified_gmt":"2023-10-25T17:24:45","slug":"morre-a-senhora-nair-do-carmo-que-foi-por-muitos-anos-professora-da-escola-remington-em-dracena","status":"publish","type":"post","link":"https:\/\/jorgezanoni.com.br\/2019\/morre-a-senhora-nair-do-carmo-que-foi-por-muitos-anos-professora-da-escola-remington-em-dracena\/","title":{"rendered":"Morre a senhora Nair do Carmo que foi por muitos anos professora da Escola Remington em Dracena"},"content":{"rendered":"<p style=\"text-align: justify;\">Comunicamos com pesar o falecimento da senhora Nair Gaspar Garcia do Carmo 88 anos. Foi a precursora da Escola Remington de Datilografia em Dracena, sendo propriet\u00e1ria por mais de 41 anos.<\/p>\n<p style=\"text-align: justify;\">Nascida em Cerqueira C\u00e9sar\/SP. no dia 28\/08\/1935, era vi\u00fava do senhor Caleno\u00e1rio do Carmo. Deixa os filhos Dr. Jos\u00e9 Carlos do Carmo, m\u00e9dico em S\u00e3o Paulo e Caleno\u00e1rio do Carmo filho, m\u00e9dico reside em Angola na \u00c1frica, noras, netos, netas, bisnetas, demais familiares e amigos.<\/p>\n<p>O Vel\u00f3rio est\u00e1 ocorrendo na Sala Vip do Memorial Vida Prev, e o Sepultamente ser\u00e1 amanh\u00e3 (26) as 10:00 Horas no Cemit\u00e9rio Municipal de Dracena.<\/p>\n<p>O SITE JZ e TOP TV se solidarizam com a fam\u00edlia neste dif\u00edcil momento.<\/p>\n<p><img loading=\"lazy\" decoding=\"async\" class=\"alignnone size-full wp-image-81688\" src=\"https:\/\/jorgezanoni.com.br\/2019\/wp-content\/uploads\/2023\/10\/Nair-Pequeno.jpg\" alt=\"\" width=\"640\" height=\"480\" srcset=\"https:\/\/jorgezanoni.com.br\/2019\/wp-content\/uploads\/2023\/10\/Nair-Pequeno.jpg 640w, https:\/\/jorgezanoni.com.br\/2019\/wp-content\/uploads\/2023\/10\/Nair-Pequeno-300x225.jpg 300w, https:\/\/jorgezanoni.com.br\/2019\/wp-content\/uploads\/2023\/10\/Nair-Pequeno-80x60.jpg 80w, https:\/\/jorgezanoni.com.br\/2019\/wp-content\/uploads\/2023\/10\/Nair-Pequeno-265x198.jpg 265w, https:\/\/jorgezanoni.com.br\/2019\/wp-content\/uploads\/2023\/10\/Nair-Pequeno-560x420.jpg 560w\" sizes=\"auto, (max-width: 640px) 100vw, 640px\" \/>Senhora Nair e Rog\u00e9rio Edson<\/p>\n<p><img loading=\"lazy\" decoding=\"async\" class=\"alignnone size-full wp-image-81690\" src=\"https:\/\/jorgezanoni.com.br\/2019\/wp-content\/uploads\/2023\/10\/nair1-Pequeno.jpg\" alt=\"\" width=\"480\" height=\"701\" srcset=\"https:\/\/jorgezanoni.com.br\/2019\/wp-content\/uploads\/2023\/10\/nair1-Pequeno.jpg 480w, https:\/\/jorgezanoni.com.br\/2019\/wp-content\/uploads\/2023\/10\/nair1-Pequeno-205x300.jpg 205w, https:\/\/jorgezanoni.com.br\/2019\/wp-content\/uploads\/2023\/10\/nair1-Pequeno-288x420.jpg 288w\" sizes=\"auto, (max-width: 480px) 100vw, 480px\" \/>Caderneta de presen\u00e7a<\/p>\n<p><img loading=\"lazy\" decoding=\"async\" class=\"alignnone size-full wp-image-81691\" src=\"https:\/\/jorgezanoni.com.br\/2019\/wp-content\/uploads\/2023\/10\/nair2-1-Pequeno.jpg\" alt=\"\" width=\"480\" height=\"549\" srcset=\"https:\/\/jorgezanoni.com.br\/2019\/wp-content\/uploads\/2023\/10\/nair2-1-Pequeno.jpg 480w, https:\/\/jorgezanoni.com.br\/2019\/wp-content\/uploads\/2023\/10\/nair2-1-Pequeno-262x300.jpg 262w, https:\/\/jorgezanoni.com.br\/2019\/wp-content\/uploads\/2023\/10\/nair2-1-Pequeno-367x420.jpg 367w\" sizes=\"auto, (max-width: 480px) 100vw, 480px\" \/>M\u00e1quina de Datilografia da Escola, doada para o acervo de Dracena<\/p>\n<p><img loading=\"lazy\" decoding=\"async\" class=\"alignnone size-full wp-image-81692\" src=\"https:\/\/jorgezanoni.com.br\/2019\/wp-content\/uploads\/2023\/10\/nair3-Pequeno.jpg\" alt=\"\" width=\"480\" height=\"681\" srcset=\"https:\/\/jorgezanoni.com.br\/2019\/wp-content\/uploads\/2023\/10\/nair3-Pequeno.jpg 480w, https:\/\/jorgezanoni.com.br\/2019\/wp-content\/uploads\/2023\/10\/nair3-Pequeno-211x300.jpg 211w, https:\/\/jorgezanoni.com.br\/2019\/wp-content\/uploads\/2023\/10\/nair3-Pequeno-296x420.jpg 296w\" sizes=\"auto, (max-width: 480px) 100vw, 480px\" \/> &#8220;Nossa Hist\u00f3ria&#8221; pela rep\u00f3rter N\u00e9ia Sanches do ent\u00e3o Jornal Di\u00e1rio<\/p>\n<p><img loading=\"lazy\" decoding=\"async\" class=\"alignnone size-full wp-image-81693\" src=\"https:\/\/jorgezanoni.com.br\/2019\/wp-content\/uploads\/2023\/10\/nair4-1-Pequeno.jpg\" alt=\"\" width=\"434\" height=\"854\" srcset=\"https:\/\/jorgezanoni.com.br\/2019\/wp-content\/uploads\/2023\/10\/nair4-1-Pequeno.jpg 434w, https:\/\/jorgezanoni.com.br\/2019\/wp-content\/uploads\/2023\/10\/nair4-1-Pequeno-152x300.jpg 152w, https:\/\/jorgezanoni.com.br\/2019\/wp-content\/uploads\/2023\/10\/nair4-1-Pequeno-213x420.jpg 213w\" sizes=\"auto, (max-width: 434px) 100vw, 434px\" \/>Senhora Nair na sala de aula<\/p>\n<p>Jorge Zanoni<\/p>\n<p>Colaborou com as fotos o Historiador Rog\u00e9rio Edson<\/p>\n<p style=\"text-align: justify;\">\n","protected":false},"excerpt":{"rendered":"<p>Comunicamos com pesar o falecimento da senhora Nair Gaspar Garcia do Carmo 88 anos. Foi a precursora da Escola Remington de Datilografia em Dracena, sendo propriet\u00e1ria por mais de 41 anos. Nascida em Cerqueira C\u00e9sar\/SP. no dia 28\/08\/1935, era vi\u00fava do senhor Caleno\u00e1rio do Carmo. Deixa os filhos Dr. Jos\u00e9 Carlos do Carmo, m\u00e9dico em [&hellip;]<\/p>\n","protected":false},"author":1,"featured_media":81689,"comment_status":"closed","ping_status":"open","sticky":false,"template":"","format":"standard","meta":{"footnotes":""},"categories":[178,110],"tags":[],"class_list":["post-81687","post","type-post","status-publish","format-standard","has-post-thumbnail","hentry","category-notadefalecimento","category-noticiasdestaque"],"_links":{"self":[{"href":"https:\/\/jorgezanoni.com.br\/2019\/wp-json\/wp\/v2\/posts\/81687","targetHints":{"allow":["GET"]}}],"collection":[{"href":"https:\/\/jorgezanoni.com.br\/2019\/wp-json\/wp\/v2\/posts"}],"about":[{"href":"https:\/\/jorgezanoni.com.br\/2019\/wp-json\/wp\/v2\/types\/post"}],"author":[{"embeddable":true,"href":"https:\/\/jorgezanoni.com.br\/2019\/wp-json\/wp\/v2\/users\/1"}],"replies":[{"embeddable":true,"href":"https:\/\/jorgezanoni.com.br\/2019\/wp-json\/wp\/v2\/comments?post=81687"}],"version-history":[{"count":1,"href":"https:\/\/jorgezanoni.com.br\/2019\/wp-json\/wp\/v2\/posts\/81687\/revisions"}],"predecessor-version":[{"id":81694,"href":"https:\/\/jorgezanoni.com.br\/2019\/wp-json\/wp\/v2\/posts\/81687\/revisions\/81694"}],"wp:featuredmedia":[{"embeddable":true,"href":"https:\/\/jorgezanoni.com.br\/2019\/wp-json\/wp\/v2\/media\/81689"}],"wp:attachment":[{"href":"https:\/\/jorgezanoni.com.br\/2019\/wp-json\/wp\/v2\/media?parent=81687"}],"wp:term":[{"taxonomy":"category","embeddable":true,"href":"https:\/\/jorgezanoni.com.br\/2019\/wp-json\/wp\/v2\/categories?post=81687"},{"taxonomy":"post_tag","embeddable":true,"href":"https:\/\/jorgezanoni.com.br\/2019\/wp-json\/wp\/v2\/tags?post=81687"}],"curies":[{"name":"wp","href":"https:\/\/api.w.org\/{rel}","templated":true}]}}