{"id":81682,"date":"2023-10-25T16:10:40","date_gmt":"2023-10-25T16:10:40","guid":{"rendered":"https:\/\/jorgezanoni.com.br\/2019\/?p=81682"},"modified":"2023-10-25T16:10:40","modified_gmt":"2023-10-25T16:10:40","slug":"sicredi-reforca-parceria-com-produtoras-rurais-no-8o-congresso-nacional-das-mulheres-do-agronegocio","status":"publish","type":"post","link":"https:\/\/jorgezanoni.com.br\/2019\/sicredi-reforca-parceria-com-produtoras-rurais-no-8o-congresso-nacional-das-mulheres-do-agronegocio\/","title":{"rendered":"Sicredi refor\u00e7a parceria com produtoras rurais no 8\u00ba Congresso Nacional das Mulheres do Agroneg\u00f3cio"},"content":{"rendered":"<p><strong><i>Evento acontece nos dias 25 e 26 de outubro, na Expo Center, em S\u00e3o Paulo.<\/i><\/strong><\/p>\n<p style=\"text-align: justify;\">O Sicredi, institui\u00e7\u00e3o financeira cooperativa com presen\u00e7a em todo o Brasil, participa da 8\u00aa edi\u00e7\u00e3o do Congresso Nacional das Mulheres do Agroneg\u00f3cio (CNMA), que acontece nos dias 25 e 26 de outubro, no Transam\u00e9rica Expo Center, em S\u00e3o Paulo. A institui\u00e7\u00e3o financeira estar\u00e1 presente no evento, refor\u00e7ando sua parceria com as produtoras rurais, empreendedoras e profissionais do setor.<\/p>\n<p style=\"text-align: justify;\">Al\u00e9m de contar com um espa\u00e7o exclusivo para receber o p\u00fablico durante os dois dias do evento, o Sicredi ainda ter\u00e1 um painel na arena &#8220;O Agro n\u00e3o para&#8221;, no dia 25 de outubro, \u00e0s 11h30. Na ocasi\u00e3o, a gerente de Cr\u00e9dito Direcionado do Sicredi, Mariana Zaniol, acompanhada das gerentes de Neg\u00f3cios Cristieny de Souza Paiva, da Central Sicredi Brasil Central, Denise Campos Camargo, da Sicredi Campos Gerais e Grande Curitiba PR\/SP, e Rafaela Debiasi, da Sicredi Ouro Verde MT, falar\u00e3o sobre cooperativismo, finan\u00e7as no agroneg\u00f3cio e os desafios de ser mulher no setor.<\/p>\n<p style=\"text-align: justify;\">&#8220;Apoiar o Congresso \u00e9 uma das iniciativas que estamos fazendo para fomentar ainda mais a participa\u00e7\u00e3o feminina no agroneg\u00f3cio. Temos convic\u00e7\u00e3o do potencial do segmento e acreditamos que, com incentivos como esse, conseguiremos colocar as mulheres em ainda mais destaque no setor, oportunizando espa\u00e7os de troca, desenvolvimento cont\u00ednuo e dom\u00ednio sobre pautas t\u00e9cnicas e de neg\u00f3cios&#8221;, afirma Mariana.<\/p>\n<p style=\"text-align: justify;\">\u00a0\u00a0<strong>Apoio do Sicredi \u00e0s mulheres<\/strong><\/p>\n<p style=\"text-align: justify;\">Segundo o \u00faltimo Censo Agropecu\u00e1rio do IBGE, 18,6% das propriedades rurais brasileiras s\u00e3o lideradas por mulheres.\u00a0 No Sicredi, 24% do total de associados do Agro s\u00e3o mulheres, somando cerca de 170 mil produtoras rurais.<\/p>\n<p style=\"text-align: justify;\">\u00a0A institui\u00e7\u00e3o financeira cooperativa ainda incentiva o empreendedorismo feminino com capta\u00e7\u00f5es no mercado nacional e internacional para fomentar o cr\u00e9dito voltado \u00e0s mulheres. Em 2022, a carteira de cr\u00e9dito para empresas lideradas por mulheres encerrou o ano em R$ 7,7 bilh\u00f5es, com mais de 228 mil opera\u00e7\u00f5es.<\/p>\n<p style=\"text-align: justify;\">Al\u00e9m disso, o Sicredi promove ainda o empoderamento e capacita\u00e7\u00e3o das mulheres por meio do Comit\u00ea Mulher, para que elas possam cada vez mais assumir novos pap\u00e9is de protagonismo e lideran\u00e7as nas cooperativas e nas comunidades em que a institui\u00e7\u00e3o financeira cooperativa est\u00e1 presente.<\/p>\n<p style=\"text-align: justify;\">\u00a0&#8220;Acreditamos no potencial das mulheres nas diferentes \u00e1reas de atua\u00e7\u00e3o, incluindo o agroneg\u00f3cio. Por isso, temos buscado direcionar recursos para o p\u00fablico feminino, pois compreendemos os desafios que as mulheres, muitas vezes, encontram para empreender&#8221;, enfatiza Mariana.<\/p>\n<p style=\"text-align: justify;\">A 8\u00aa edi\u00e7\u00e3o do Congresso Nacional das Mulheres do Agroneg\u00f3cio\u00a0tem como tema &#8220;Dobrar o Agro de Tamanho com Sustentabilidade: A Marca Brasileira&#8221;. A expectativa \u00e9 que mais de 3 mil congressistas participem do evento.<\/p>\n<p style=\"text-align: justify;\"><strong>Sobre o Sicredi\u00a0<\/strong><\/p>\n<p class=\"v1MsoNormal\" style=\"text-align: justify;\"><i>O Sicredi \u00e9 uma institui\u00e7\u00e3o financeira cooperativa comprometida com o crescimento de seus associados e com o desenvolvimento das regi\u00f5es onde atua. Possui um modelo de gest\u00e3o que valoriza a participa\u00e7\u00e3o dos mais de 7 milh\u00f5es de associados, que exercem o papel de donos do neg\u00f3cio. Com mais de 2.500 ag\u00eancias, o Sicredi est\u00e1 presente fisicamente em todos os estados brasileiros e no Distrito Federal, disponibilizando uma gama completa de solu\u00e7\u00f5es financeiras e n\u00e3o financeiras.<\/i><\/p>\n<p class=\"v1MsoNormal\" style=\"text-align: justify;\"><b><i>Site do Sicredi:\u00a0<a href=\"http:\/\/www.sicredi.com.br\/\" target=\"_blank\" rel=\"noopener noreferrer\">www.sicredi.com.br<\/a><\/i><\/b><\/p>\n<p class=\"v1MsoNormal\" style=\"text-align: justify;\"><b><i>Redes Sociais:\u00a0<\/i><\/b><em><b><u><span lang=\"EN-US\"><a href=\"http:\/\/www.facebook.com\/sicredicentrooestepaulista\" target=\"_blank\" rel=\"noopener noreferrer\"><i><span lang=\"PT-BR\">Facebook<\/span><\/i><\/a><\/span><\/u><\/b><\/em><em>\u00a0|<\/em>\u00a0<em><b><u><span lang=\"EN-US\"><a href=\"https:\/\/www.linkedin.com\/company\/sicredi-centro-oeste-paulista\/\" target=\"_blank\" rel=\"noopener noreferrer\"><i><span lang=\"PT-BR\">LinkedIn<\/span><\/i><\/a><\/span><\/u><\/b><\/em><em>\u00a0|<\/em>\u00a0<em><b><u><span lang=\"EN-US\"><a href=\"http:\/\/www.youtube.com\/sicredicentrooestepaulista\" target=\"_blank\" rel=\"noopener noreferrer\"><i><span lang=\"PT-BR\">YouTube<\/span><\/i><\/a><\/span><\/u><\/b><\/em><span lang=\"EN-US\">\u00a0<\/span><em>|\u00a0<\/em><em><b><u><span lang=\"EN-US\"><a href=\"http:\/\/www.instagram.com\/sicredicentrooestepaulista\" target=\"_blank\" rel=\"noopener noreferrer\"><i><span lang=\"PT-BR\">Instagram<\/span><\/i><\/a><\/span><\/u><\/b><\/em><\/p>\n<p style=\"text-align: justify;\">CAPA: A gerente de Cr\u00e9dito Direcionado do Sicredi, Mariana Zaniol, destaca que o Sicredi tem fomentado a participa\u00e7\u00e3o feminina no agroneg\u00f3cio<br \/>\n<i>Cr\u00e9ditos: Pedro Guilhon<\/i><\/p>\n<p><img loading=\"lazy\" decoding=\"async\" class=\"alignnone size-full wp-image-81683\" src=\"https:\/\/jorgezanoni.com.br\/2019\/wp-content\/uploads\/2023\/10\/Mulheres-no-Agro-Sicredi-Pequeno.jpg\" alt=\"\" width=\"640\" height=\"480\" srcset=\"https:\/\/jorgezanoni.com.br\/2019\/wp-content\/uploads\/2023\/10\/Mulheres-no-Agro-Sicredi-Pequeno.jpg 640w, https:\/\/jorgezanoni.com.br\/2019\/wp-content\/uploads\/2023\/10\/Mulheres-no-Agro-Sicredi-Pequeno-300x225.jpg 300w, https:\/\/jorgezanoni.com.br\/2019\/wp-content\/uploads\/2023\/10\/Mulheres-no-Agro-Sicredi-Pequeno-80x60.jpg 80w, https:\/\/jorgezanoni.com.br\/2019\/wp-content\/uploads\/2023\/10\/Mulheres-no-Agro-Sicredi-Pequeno-265x198.jpg 265w, https:\/\/jorgezanoni.com.br\/2019\/wp-content\/uploads\/2023\/10\/Mulheres-no-Agro-Sicredi-Pequeno-560x420.jpg 560w\" sizes=\"auto, (max-width: 640px) 100vw, 640px\" \/>Segundo o \u00faltimo Censo Agropecu\u00e1rio do IBGE, 18,6% das propriedades rurais brasileiras s\u00e3o lideradas por mulheres<br \/>\n<i>Cr\u00e9ditos: Divulga\u00e7\u00e3o<\/i><\/p>\n<figure id=\"attachment_81685\" aria-describedby=\"caption-attachment-81685\" style=\"width: 720px\" class=\"wp-caption alignnone\"><img loading=\"lazy\" decoding=\"async\" class=\"size-full wp-image-81685\" src=\"https:\/\/jorgezanoni.com.br\/2019\/wp-content\/uploads\/2023\/10\/SEGUNDO-Pequeno.jpg\" alt=\"\" width=\"720\" height=\"480\" srcset=\"https:\/\/jorgezanoni.com.br\/2019\/wp-content\/uploads\/2023\/10\/SEGUNDO-Pequeno.jpg 720w, https:\/\/jorgezanoni.com.br\/2019\/wp-content\/uploads\/2023\/10\/SEGUNDO-Pequeno-300x200.jpg 300w, https:\/\/jorgezanoni.com.br\/2019\/wp-content\/uploads\/2023\/10\/SEGUNDO-Pequeno-696x464.jpg 696w, https:\/\/jorgezanoni.com.br\/2019\/wp-content\/uploads\/2023\/10\/SEGUNDO-Pequeno-630x420.jpg 630w\" sizes=\"auto, (max-width: 720px) 100vw, 720px\" \/><figcaption id=\"caption-attachment-81685\" class=\"wp-caption-text\"><span style=\"color: #222222; font-size: 15px;\">No Sicredi, 24% do total de associados do Agro s\u00e3o mulheres, somando cerca de 170 mil produtoras rurais. <\/span><i style=\"color: #222222; font-size: 15px;\">Cr\u00e9ditos: Divulga\u00e7\u00e3o\u00a0 \u00a0 \u00a0 \u00a0 \u00a0 \u00a0 \u00a0 \u00a0 \u00a0 \u00a0 \u00a0 \u00a0 \u00a0 \u00a0 \u00a0 \u00a0 \u00a0 \u00a0 \u00a0 \u00a0 \u00a0 \u00a0 \u00a0 \u00a0 \u00a0 \u00a0 \u00a0 \u00a0 \u00a0 \u00a0 \u00a0 \u00a0 \u00a0 \u00a0 \u00a0 \u00a0 \u00a0 \u00a0 \u00a0 \u00a0 \u00a0 \u00a0 \u00a0 \u00a0 \u00a0 \u00a0 \u00a0 \u00a0 \u00a0 \u00a0 \u00a0 \u00a0 \u00a0 \u00a0 \u00a0 \u00a0 \u00a0 \u00a0 \u00a0 \u00a0 \u00a0 \u00a0 \u00a0 \u00a0 \u00a0 \u00a0 \u00a0 \u00a0 \u00a0 \u00a0 \u00a0 \u00a0 \u00a0 \u00a0 \u00a0 \u00a0 \u00a0 \u00a0 \u00a0 \u00a0 \u00a0 \u00a0 \u00a0 \u00a0 \u00a0 \u00a0 \u00a0 \u00a0 \u00a0 \u00a0 \u00a0 \u00a0 \u00a0 \u00a0 \u00a0 \u00a0 \u00a0 \u00a0 \u00a0 \u00a0 \u00a0 \u00a0 \u00a0 \u00a0 Fonte: Comunica\u00e7\u00e3o e Marketing<\/i><\/figcaption><\/figure>\n<p>&nbsp;<\/p>\n","protected":false},"excerpt":{"rendered":"<p>Evento acontece nos dias 25 e 26 de outubro, na Expo Center, em S\u00e3o Paulo. O Sicredi, institui\u00e7\u00e3o financeira cooperativa com presen\u00e7a em todo o Brasil, participa da 8\u00aa edi\u00e7\u00e3o do Congresso Nacional das Mulheres do Agroneg\u00f3cio (CNMA), que acontece nos dias 25 e 26 de outubro, no Transam\u00e9rica Expo Center, em S\u00e3o Paulo. A [&hellip;]<\/p>\n","protected":false},"author":1,"featured_media":81684,"comment_status":"closed","ping_status":"open","sticky":false,"template":"","format":"standard","meta":{"footnotes":""},"categories":[110,116],"tags":[],"class_list":["post-81682","post","type-post","status-publish","format-standard","has-post-thumbnail","hentry","category-noticiasdestaque","category-politicaeeconomia"],"_links":{"self":[{"href":"https:\/\/jorgezanoni.com.br\/2019\/wp-json\/wp\/v2\/posts\/81682","targetHints":{"allow":["GET"]}}],"collection":[{"href":"https:\/\/jorgezanoni.com.br\/2019\/wp-json\/wp\/v2\/posts"}],"about":[{"href":"https:\/\/jorgezanoni.com.br\/2019\/wp-json\/wp\/v2\/types\/post"}],"author":[{"embeddable":true,"href":"https:\/\/jorgezanoni.com.br\/2019\/wp-json\/wp\/v2\/users\/1"}],"replies":[{"embeddable":true,"href":"https:\/\/jorgezanoni.com.br\/2019\/wp-json\/wp\/v2\/comments?post=81682"}],"version-history":[{"count":1,"href":"https:\/\/jorgezanoni.com.br\/2019\/wp-json\/wp\/v2\/posts\/81682\/revisions"}],"predecessor-version":[{"id":81686,"href":"https:\/\/jorgezanoni.com.br\/2019\/wp-json\/wp\/v2\/posts\/81682\/revisions\/81686"}],"wp:featuredmedia":[{"embeddable":true,"href":"https:\/\/jorgezanoni.com.br\/2019\/wp-json\/wp\/v2\/media\/81684"}],"wp:attachment":[{"href":"https:\/\/jorgezanoni.com.br\/2019\/wp-json\/wp\/v2\/media?parent=81682"}],"wp:term":[{"taxonomy":"category","embeddable":true,"href":"https:\/\/jorgezanoni.com.br\/2019\/wp-json\/wp\/v2\/categories?post=81682"},{"taxonomy":"post_tag","embeddable":true,"href":"https:\/\/jorgezanoni.com.br\/2019\/wp-json\/wp\/v2\/tags?post=81682"}],"curies":[{"name":"wp","href":"https:\/\/api.w.org\/{rel}","templated":true}]}}