{"id":81671,"date":"2023-10-24T23:04:14","date_gmt":"2023-10-24T23:04:14","guid":{"rendered":"https:\/\/jorgezanoni.com.br\/2019\/?p=81671"},"modified":"2023-10-24T23:04:14","modified_gmt":"2023-10-24T23:04:14","slug":"avapac-de-dracena-e-declarada-por-lei-de-utilidade-publica","status":"publish","type":"post","link":"https:\/\/jorgezanoni.com.br\/2019\/avapac-de-dracena-e-declarada-por-lei-de-utilidade-publica\/","title":{"rendered":"AVAPAC de Dracena \u00e9 declarada por Lei de Utilidade P\u00fablica"},"content":{"rendered":"<p style=\"text-align: justify;\"><strong>Lei Proposta Pelo Deputado Itamar Borges Declara AVAPAC De Utilidade P\u00fablica Em Dracena.<\/strong><\/p>\n<div class=\"x11i5rnm xat24cr x1mh8g0r x1vvkbs xtlvy1s x126k92a\" style=\"text-align: justify;\">\n<div dir=\"auto\">\u00c9 uma \u00f3tima not\u00edcia para a popula\u00e7\u00e3o de Dracena! A lei 17756\/23, proposta pelo deputado Itamar Borges, foi sancionada pelo governador Tarc\u00edsio de Freitas, declarando a Associa\u00e7\u00e3o de Volunt\u00e1rios de Apoio a Paciente de C\u00e2ncer (AVAPAC), com sede em Dracena, como de utilidade p\u00fablica.<\/div>\n<\/div>\n<div class=\"x11i5rnm xat24cr x1mh8g0r x1vvkbs xtlvy1s x126k92a\" style=\"text-align: justify;\">\n<div dir=\"auto\">Essa conquista \u00e9 de extrema import\u00e2ncia para nossa comunidade, pois a partir de agora, a AVAPAC ter\u00e1 ainda mais reconhecimento e apoio para continuar seu bel\u00edssimo trabalho de suporte aos pacientes de c\u00e2ncer. A declara\u00e7\u00e3o de utilidade p\u00fablica traz benef\u00edcios significativos para a associa\u00e7\u00e3o, como o acesso a recursos e benef\u00edcios fiscais, que fortalecer\u00e3o suas a\u00e7\u00f5es e possibilitar\u00e3o um maior alcance de seu trabalho em benef\u00edcio dos pacientes.<\/div>\n<\/div>\n<div class=\"x11i5rnm xat24cr x1mh8g0r x1vvkbs xtlvy1s x126k92a\" style=\"text-align: justify;\">\n<div dir=\"auto\">\u201cParab\u00e9ns a todos os funcion\u00e1rios da AVAPAC pelo trabalho incans\u00e1vel em proporcionar apoio e assist\u00eancia aos pacientes de c\u00e2ncer, ajudando-os a enfrentar essa dif\u00edcil jornada. Agradecemos tamb\u00e9m \u00e0 presidente do MDB em Dracena, Ana L\u00facia Costa, por trazer essa iniciativa ao nosso conhecimento e contribuir para uma conquista t\u00e3o importante\u201d, disse Itamar.<\/div>\n<\/div>\n<div class=\"x11i5rnm xat24cr x1mh8g0r x1vvkbs xtlvy1s x126k92a\">\n<div dir=\"auto\" style=\"text-align: justify;\">O deputado falou ainda sobre o seu compromisso em buscar a\u00e7\u00f5es que beneficiem a popula\u00e7\u00e3o de Dracena e seguir\u00e1 empenhado em trabalhar em parceria com iniciativas que promovam o bem-estar e a qualidade de vida de todos. Juntos, iremos construir uma cidade ainda melhor para os cidad\u00e3os.<\/div>\n<div dir=\"auto\"><\/div>\n<div dir=\"auto\">Fonte: Assessoria de Imprensa<\/div>\n<\/div>\n","protected":false},"excerpt":{"rendered":"<p>Lei Proposta Pelo Deputado Itamar Borges Declara AVAPAC De Utilidade P\u00fablica Em Dracena. \u00c9 uma \u00f3tima not\u00edcia para a popula\u00e7\u00e3o de Dracena! A lei 17756\/23, proposta pelo deputado Itamar Borges, foi sancionada pelo governador Tarc\u00edsio de Freitas, declarando a Associa\u00e7\u00e3o de Volunt\u00e1rios de Apoio a Paciente de C\u00e2ncer (AVAPAC), com sede em Dracena, como de [&hellip;]<\/p>\n","protected":false},"author":1,"featured_media":81672,"comment_status":"closed","ping_status":"open","sticky":false,"template":"","format":"standard","meta":{"footnotes":""},"categories":[179,184,110],"tags":[],"class_list":["post-81671","post","type-post","status-publish","format-standard","has-post-thumbnail","hentry","category-cidadeseregiao","category-dracena","category-noticiasdestaque"],"_links":{"self":[{"href":"https:\/\/jorgezanoni.com.br\/2019\/wp-json\/wp\/v2\/posts\/81671","targetHints":{"allow":["GET"]}}],"collection":[{"href":"https:\/\/jorgezanoni.com.br\/2019\/wp-json\/wp\/v2\/posts"}],"about":[{"href":"https:\/\/jorgezanoni.com.br\/2019\/wp-json\/wp\/v2\/types\/post"}],"author":[{"embeddable":true,"href":"https:\/\/jorgezanoni.com.br\/2019\/wp-json\/wp\/v2\/users\/1"}],"replies":[{"embeddable":true,"href":"https:\/\/jorgezanoni.com.br\/2019\/wp-json\/wp\/v2\/comments?post=81671"}],"version-history":[{"count":1,"href":"https:\/\/jorgezanoni.com.br\/2019\/wp-json\/wp\/v2\/posts\/81671\/revisions"}],"predecessor-version":[{"id":81673,"href":"https:\/\/jorgezanoni.com.br\/2019\/wp-json\/wp\/v2\/posts\/81671\/revisions\/81673"}],"wp:featuredmedia":[{"embeddable":true,"href":"https:\/\/jorgezanoni.com.br\/2019\/wp-json\/wp\/v2\/media\/81672"}],"wp:attachment":[{"href":"https:\/\/jorgezanoni.com.br\/2019\/wp-json\/wp\/v2\/media?parent=81671"}],"wp:term":[{"taxonomy":"category","embeddable":true,"href":"https:\/\/jorgezanoni.com.br\/2019\/wp-json\/wp\/v2\/categories?post=81671"},{"taxonomy":"post_tag","embeddable":true,"href":"https:\/\/jorgezanoni.com.br\/2019\/wp-json\/wp\/v2\/tags?post=81671"}],"curies":[{"name":"wp","href":"https:\/\/api.w.org\/{rel}","templated":true}]}}