{"id":81571,"date":"2023-10-20T17:01:27","date_gmt":"2023-10-20T17:01:27","guid":{"rendered":"https:\/\/jorgezanoni.com.br\/2019\/?p=81571"},"modified":"2023-10-20T17:01:27","modified_gmt":"2023-10-20T17:01:27","slug":"policia-militar-prende-dois-homens-por-furto-de-motocicleta-em-dracena","status":"publish","type":"post","link":"https:\/\/jorgezanoni.com.br\/2019\/policia-militar-prende-dois-homens-por-furto-de-motocicleta-em-dracena\/","title":{"rendered":"Pol\u00edcia Militar prende dois homens por furto de motocicleta em Dracena"},"content":{"rendered":"<p style=\"text-align: justify;\"><strong>*POL\u00cdCIA MILITAR AGE DE FORMA R\u00c1PIDA E EM MENOS DE 4 HORAS<\/strong><br \/>\n<strong>RECUPERA V\u00c9\u00cdCULO E PRENDE DOIS HOMENS EM FLAGRANTE POR FURTO EM DRACENA&#8221;<\/strong><\/p>\n<p style=\"text-align: justify;\">Na data de ontem (19) por volta das 19h30min a equipe da Pol\u00edcia Militar em servi\u00e7o pelo munic\u00edpio de Dracena, recebeu a informa\u00e7\u00e3o de um furto de motocicleta, ocorrido na cidade de Tupi Paulista, a equipe iniciou o patrulhamento com vistas pelo bairro Jardim Brasil\u00e2ndia, quando no cruzamento das ruas Fagundes Varela com a Rua Nelson Rodrigues foi avistado a motocicleta furtada com dois ocupantes, neste momento foi dado sinal de parada e desobedecido pelos ocupantes da moto, que empreenderam fuga atravessando os sinais de pare das vias. No cruzamento da Rua A\u00e9cio de Fio Flora com a Av Presidente Roosevelt mais uma vez os ocupantes da motocicleta atravessaram o sinal vermelho vindo a colidir na lateral direita de um ve\u00edculo que transitava regularmente pela via, sendo de imediato abordados. Diante dos fatos foi dada voz de pris\u00e3o em flagrante aos autores, que permaneceram presos \u00e0 disposi\u00e7\u00e3o da Justi\u00e7a.<br \/>\n#25BPMI<br \/>\n#CPI8<br \/>\n#POLICIAMILITARSP<br \/>\n#AFOR\u00c7AP\u00daBLICADES\u00c3OPAULO<\/p>\n","protected":false},"excerpt":{"rendered":"<p>*POL\u00cdCIA MILITAR AGE DE FORMA R\u00c1PIDA E EM MENOS DE 4 HORAS RECUPERA V\u00c9\u00cdCULO E PRENDE DOIS HOMENS EM FLAGRANTE POR FURTO EM DRACENA&#8221; Na data de ontem (19) por volta das 19h30min a equipe da Pol\u00edcia Militar em servi\u00e7o pelo munic\u00edpio de Dracena, recebeu a informa\u00e7\u00e3o de um furto de motocicleta, ocorrido na cidade [&hellip;]<\/p>\n","protected":false},"author":1,"featured_media":81572,"comment_status":"closed","ping_status":"open","sticky":false,"template":"","format":"standard","meta":{"footnotes":""},"categories":[110,2],"tags":[],"class_list":["post-81571","post","type-post","status-publish","format-standard","has-post-thumbnail","hentry","category-noticiasdestaque","category-policial"],"_links":{"self":[{"href":"https:\/\/jorgezanoni.com.br\/2019\/wp-json\/wp\/v2\/posts\/81571","targetHints":{"allow":["GET"]}}],"collection":[{"href":"https:\/\/jorgezanoni.com.br\/2019\/wp-json\/wp\/v2\/posts"}],"about":[{"href":"https:\/\/jorgezanoni.com.br\/2019\/wp-json\/wp\/v2\/types\/post"}],"author":[{"embeddable":true,"href":"https:\/\/jorgezanoni.com.br\/2019\/wp-json\/wp\/v2\/users\/1"}],"replies":[{"embeddable":true,"href":"https:\/\/jorgezanoni.com.br\/2019\/wp-json\/wp\/v2\/comments?post=81571"}],"version-history":[{"count":1,"href":"https:\/\/jorgezanoni.com.br\/2019\/wp-json\/wp\/v2\/posts\/81571\/revisions"}],"predecessor-version":[{"id":81573,"href":"https:\/\/jorgezanoni.com.br\/2019\/wp-json\/wp\/v2\/posts\/81571\/revisions\/81573"}],"wp:featuredmedia":[{"embeddable":true,"href":"https:\/\/jorgezanoni.com.br\/2019\/wp-json\/wp\/v2\/media\/81572"}],"wp:attachment":[{"href":"https:\/\/jorgezanoni.com.br\/2019\/wp-json\/wp\/v2\/media?parent=81571"}],"wp:term":[{"taxonomy":"category","embeddable":true,"href":"https:\/\/jorgezanoni.com.br\/2019\/wp-json\/wp\/v2\/categories?post=81571"},{"taxonomy":"post_tag","embeddable":true,"href":"https:\/\/jorgezanoni.com.br\/2019\/wp-json\/wp\/v2\/tags?post=81571"}],"curies":[{"name":"wp","href":"https:\/\/api.w.org\/{rel}","templated":true}]}}