{"id":81532,"date":"2023-10-18T22:49:36","date_gmt":"2023-10-18T22:49:36","guid":{"rendered":"https:\/\/jorgezanoni.com.br\/2019\/?p=81532"},"modified":"2023-10-18T22:49:36","modified_gmt":"2023-10-18T22:49:36","slug":"elevacao-de-viaduto-muda-trafego-em-florida-paulista-na-sp-294","status":"publish","type":"post","link":"https:\/\/jorgezanoni.com.br\/2019\/elevacao-de-viaduto-muda-trafego-em-florida-paulista-na-sp-294\/","title":{"rendered":"Eleva\u00e7\u00e3o de viaduto muda tr\u00e1fego em Fl\u00f3rida Paulista\u00a0na SP-294"},"content":{"rendered":"<div style=\"text-align: justify;\"><strong><span lang=\"AR-SA\">\u200e<\/span><\/strong><i><strong>Interven\u00e7\u00e3o \u00e9 necess\u00e1ria para adequa\u00e7\u00e3o da altura do dispositivo;\u00a0<span lang=\"AR-SA\">\u200e<\/span>tr\u00e2nsito no local ser\u00e1 interrompido na sexta-feira, 20<\/strong>.<\/i><\/div>\n<div><\/div>\n<p class=\"v1MsoNormal\" style=\"text-align: justify;\">A Eixo SP Concession\u00e1ria de Rodovias coloca em pr\u00e1tica nesta sexta-feira (20) um plano\u00a0<span lang=\"AR-SA\">\u200e<\/span>operacional com o objetivo de elevar a estrutura do viaduto localizado no\u00a0<span lang=\"AR-SA\">\u200e<\/span>\u00a0km 605+400 da SP 294\u00a0<span lang=\"AR-SA\">\u200e<\/span>\u2013<span lang=\"AR-SA\">\u200e\u00a0<\/span>Rodovia Comandante Jo\u00e3o Ribeiro de Barros, em Fl\u00f3rida Paulista. A obra trar\u00e1 mudan\u00e7as no tr\u00e1fego at\u00e9 dezembro e requer\u00a0<span lang=\"AR-SA\">\u200e<\/span>aten\u00e7\u00e3o de motoristas que utilizam o dispositivo.<\/p>\n<p class=\"v1MsoNormal\" style=\"text-align: justify;\">Durante a obra, o viaduto ter\u00e1 interdi\u00e7\u00e3o na passagem superior que liga a SPA 605\/294 \u00e0 Usina Floralco e ao bairro Indai\u00e1. Desta forma, a passagem inferior sob o viaduto continuar\u00e1 com o tr\u00e1fego nas quatro faixas de rolamento, em ambos os sentidos, tendo apenas os acostamentos com fechamento, conforme a indica\u00e7\u00e3o de sinaliza\u00e7\u00e3o de obra.<\/p>\n<p class=\"v1MsoNormal\" style=\"text-align: justify;\">Com in\u00edcio previsto para esta sexta-feira e conclus\u00e3o no fim de\u00a0<span lang=\"AR-SA\">\u200e<\/span>dezembro, a nova etapa compreende o posicionamento dos macacos\u00a0<span lang=\"AR-SA\">\u200e<\/span>hidr\u00e1ulicos e deslocamento da estrutura da obra de arte a partir do\u00a0<span lang=\"AR-SA\">\u200e<\/span>rompimento das juntas de dilata\u00e7\u00e3o que ir\u00e3o separar as lajes. Ap\u00f3s este\u00a0<span lang=\"AR-SA\">\u200e<\/span>procedimento, as equipes elevar\u00e3o a estrutura para a\u00a0<span lang=\"AR-SA\">\u200e<\/span>adequa\u00e7\u00e3o \u00e0 altura padr\u00e3o, de 5,50 metros.<\/p>\n<p class=\"v1MsoNormal\" style=\"text-align: justify;\">O condutor dever\u00e1 redobrar a aten\u00e7\u00e3o \u00e0 sinaliza\u00e7\u00e3o e manter velocidade reduzida\u00a0<span lang=\"AR-SA\">\u200e<\/span>no trecho. O\u00a0<span lang=\"AR-SA\">\u200e<\/span>cronograma poder\u00e1 sofrer altera\u00e7\u00f5es em decorr\u00eancia de condi\u00e7\u00f5es\u00a0<span lang=\"AR-SA\">\u200e<\/span>clim\u00e1ticas.\u00a0<span lang=\"AR-SA\">\u200e<\/span><\/p>\n<p class=\"v1MsoNormal\" style=\"text-align: justify;\"><span lang=\"AR-SA\">\u200e<\/span><b>Sobre a Eixo SP<\/b><\/p>\n<p class=\"v1MsoNormal\" style=\"text-align: justify;\">A Eixo SP Concession\u00e1ria de Rodovias administra mais de 1.221 km de\u00a0<span lang=\"AR-SA\">\u200e<\/span>estradas que passam por 62 munic\u00edpios da regi\u00e3o de Rio Claro, no centro\u00a0<span lang=\"AR-SA\">\u200e<\/span>do Estado, at\u00e9 Panorama, no extremo oeste, na divisa com o Mato Grosso\u00a0<span lang=\"AR-SA\">\u200e<\/span>do Sul. O maior contrato sob supervis\u00e3o da Artesp (Ag\u00eancia Reguladora\u00a0<span lang=\"AR-SA\">\u200e<\/span>de Transportes do Estado de S\u00e3o Paulo) ter\u00e1 investimentos na ordem de\u00a0<span lang=\"AR-SA\">\u200e<\/span>R$ 14 bilh\u00f5es em obras de amplia\u00e7\u00e3o, conserva\u00e7\u00e3o, al\u00e9m da\u00a0<span lang=\"AR-SA\">\u200e<\/span>moderniza\u00e7\u00e3o de servi\u00e7os ao usu\u00e1rio. Para mais informa\u00e7\u00f5es acesse:\u00a0<span lang=\"AR-SA\">\u200e<\/span><span lang=\"PT\"><a href=\"http:\/\/www.eixosp.com.br\/\" target=\"_blank\" rel=\"noopener noreferrer\"><span lang=\"PT-BR\">www.eixosp.com.br<\/span><\/a><\/span>.<\/p>\n<p>Fonte: Ag\u00eancia Lettera<\/p>\n","protected":false},"excerpt":{"rendered":"<p>\u200eInterven\u00e7\u00e3o \u00e9 necess\u00e1ria para adequa\u00e7\u00e3o da altura do dispositivo;\u00a0\u200etr\u00e2nsito no local ser\u00e1 interrompido na sexta-feira, 20. A Eixo SP Concession\u00e1ria de Rodovias coloca em pr\u00e1tica nesta sexta-feira (20) um plano\u00a0\u200eoperacional com o objetivo de elevar a estrutura do viaduto localizado no\u00a0\u200e\u00a0km 605+400 da SP 294\u00a0\u200e\u2013\u200e\u00a0Rodovia Comandante Jo\u00e3o Ribeiro de Barros, em Fl\u00f3rida Paulista. A obra [&hellip;]<\/p>\n","protected":false},"author":1,"featured_media":81533,"comment_status":"closed","ping_status":"open","sticky":false,"template":"","format":"standard","meta":{"footnotes":""},"categories":[180,110],"tags":[],"class_list":["post-81532","post","type-post","status-publish","format-standard","has-post-thumbnail","hentry","category-estradastransitoveiculos","category-noticiasdestaque"],"_links":{"self":[{"href":"https:\/\/jorgezanoni.com.br\/2019\/wp-json\/wp\/v2\/posts\/81532","targetHints":{"allow":["GET"]}}],"collection":[{"href":"https:\/\/jorgezanoni.com.br\/2019\/wp-json\/wp\/v2\/posts"}],"about":[{"href":"https:\/\/jorgezanoni.com.br\/2019\/wp-json\/wp\/v2\/types\/post"}],"author":[{"embeddable":true,"href":"https:\/\/jorgezanoni.com.br\/2019\/wp-json\/wp\/v2\/users\/1"}],"replies":[{"embeddable":true,"href":"https:\/\/jorgezanoni.com.br\/2019\/wp-json\/wp\/v2\/comments?post=81532"}],"version-history":[{"count":1,"href":"https:\/\/jorgezanoni.com.br\/2019\/wp-json\/wp\/v2\/posts\/81532\/revisions"}],"predecessor-version":[{"id":81534,"href":"https:\/\/jorgezanoni.com.br\/2019\/wp-json\/wp\/v2\/posts\/81532\/revisions\/81534"}],"wp:featuredmedia":[{"embeddable":true,"href":"https:\/\/jorgezanoni.com.br\/2019\/wp-json\/wp\/v2\/media\/81533"}],"wp:attachment":[{"href":"https:\/\/jorgezanoni.com.br\/2019\/wp-json\/wp\/v2\/media?parent=81532"}],"wp:term":[{"taxonomy":"category","embeddable":true,"href":"https:\/\/jorgezanoni.com.br\/2019\/wp-json\/wp\/v2\/categories?post=81532"},{"taxonomy":"post_tag","embeddable":true,"href":"https:\/\/jorgezanoni.com.br\/2019\/wp-json\/wp\/v2\/tags?post=81532"}],"curies":[{"name":"wp","href":"https:\/\/api.w.org\/{rel}","templated":true}]}}