{"id":8144,"date":"2019-10-09T00:27:40","date_gmt":"2019-10-09T00:27:40","guid":{"rendered":"https:\/\/jorgezanoni.com.br\/2019\/?p=8144"},"modified":"2019-10-09T01:03:13","modified_gmt":"2019-10-09T01:03:13","slug":"feira-das-profissoes-unifadra-fundec-de-dracena","status":"publish","type":"post","link":"https:\/\/jorgezanoni.com.br\/2019\/feira-das-profissoes-unifadra-fundec-de-dracena\/","title":{"rendered":"Feira das Profiss\u00f5es UNIFADRA\/FUNDEC de Dracena"},"content":{"rendered":"<p style=\"text-align: justify;\">V\u00cdDEO 01: FEIRA DAS PROFISS\u00d5ES UNIFADRA\/FUNDEC DRACENA. Falas do Diretor da Unifadra Prof. \u00canio Garbelini, Diretora do CEP\/UME Prof. J\u00falia Kiyomi Portari, Diretor de Comunica\u00e7\u00e3o Fernando Nunes, Coordenadora do Curso de Est\u00e9tica Prof. Cintia Esteves e Coordenadora do Curso de Enfermagem Prof. Jacqueline Souza. 08\/10\/19<\/p>\n<div id=\"fb-root\"><\/div>\n<p><script async=\"1\" defer=\"1\" crossorigin=\"anonymous\" src=\"https:\/\/connect.facebook.net\/en_US\/sdk.js#xfbml=1&amp;version=v4.0\"><\/script><\/p>\n<div class=\"fb-video\" data-href=\"https:\/\/www.facebook.com\/jorgeluizzanoni\/videos\/3204008196339963\/\" data-width=\"696\">\n<blockquote cite=\"https:\/\/www.facebook.com\/jorgeluizzanoni\/videos\/3204008196339963\/\" class=\"fb-xfbml-parse-ignore\"><p><a href=\"https:\/\/www.facebook.com\/jorgeluizzanoni\/videos\/3204008196339963\/\"><\/a><\/p>\n<p>FEIRA DAS PROFISS\u00d5ES UNIFADRA\/FUNDEC DRACENA. 08\/10\/19<\/p>\n<p>Posted by <a href=\"https:\/\/www.facebook.com\/jorgeluizzanoni\">Jorge Luiz Zanoni<\/a> on Tuesday, October 8, 2019<\/p><\/blockquote>\n<\/div>\n<p>V\u00cdDEO 02: Falas do Professor Alexandre Queiroz coordenador de An\u00e1lises e Sistema e do Diretor Executivo da UNIFADRA\/FUNDEC Edson Kai<\/p>\n<div id=\"fb-root\"><\/div>\n<p><script async=\"1\" defer=\"1\" crossorigin=\"anonymous\" src=\"https:\/\/connect.facebook.net\/en_US\/sdk.js#xfbml=1&amp;version=v4.0\"><\/script><\/p>\n<div class=\"fb-video\" data-href=\"https:\/\/www.facebook.com\/jorgeluizzanoni\/videos\/3204067426334040\/\" data-width=\"696\">\n<blockquote cite=\"https:\/\/www.facebook.com\/jorgeluizzanoni\/videos\/3204067426334040\/\" class=\"fb-xfbml-parse-ignore\"><p><a href=\"https:\/\/www.facebook.com\/jorgeluizzanoni\/videos\/3204067426334040\/\"><\/a><\/p>\n<p>FEIRA DAS PROFISS\u00d5ES UNIFADRA\/FUNDEC DRACENA. (V\u00eddeo 02) 08\/10\/19<\/p>\n<p>Posted by <a href=\"https:\/\/www.facebook.com\/jorgeluizzanoni\">Jorge Luiz Zanoni<\/a> on Tuesday, October 8, 2019<\/p><\/blockquote>\n<\/div>\n","protected":false},"excerpt":{"rendered":"<p>V\u00cdDEO 01: FEIRA DAS PROFISS\u00d5ES UNIFADRA\/FUNDEC DRACENA. Falas do Diretor da Unifadra Prof. \u00canio Garbelini, Diretora do CEP\/UME Prof. J\u00falia Kiyomi Portari, Diretor de Comunica\u00e7\u00e3o Fernando Nunes, Coordenadora do Curso de Est\u00e9tica Prof. Cintia Esteves e Coordenadora do Curso de Enfermagem Prof. Jacqueline Souza. 08\/10\/19 FEIRA DAS PROFISS\u00d5ES UNIFADRA\/FUNDEC DRACENA. 08\/10\/19 Posted by Jorge Luiz [&hellip;]<\/p>\n","protected":false},"author":1,"featured_media":8146,"comment_status":"closed","ping_status":"open","sticky":false,"template":"","format":"video","meta":{"footnotes":""},"categories":[169],"tags":[],"class_list":["post-8144","post","type-post","status-publish","format-video","has-post-thumbnail","hentry","category-videos","post_format-post-format-video"],"_links":{"self":[{"href":"https:\/\/jorgezanoni.com.br\/2019\/wp-json\/wp\/v2\/posts\/8144","targetHints":{"allow":["GET"]}}],"collection":[{"href":"https:\/\/jorgezanoni.com.br\/2019\/wp-json\/wp\/v2\/posts"}],"about":[{"href":"https:\/\/jorgezanoni.com.br\/2019\/wp-json\/wp\/v2\/types\/post"}],"author":[{"embeddable":true,"href":"https:\/\/jorgezanoni.com.br\/2019\/wp-json\/wp\/v2\/users\/1"}],"replies":[{"embeddable":true,"href":"https:\/\/jorgezanoni.com.br\/2019\/wp-json\/wp\/v2\/comments?post=8144"}],"version-history":[{"count":0,"href":"https:\/\/jorgezanoni.com.br\/2019\/wp-json\/wp\/v2\/posts\/8144\/revisions"}],"wp:featuredmedia":[{"embeddable":true,"href":"https:\/\/jorgezanoni.com.br\/2019\/wp-json\/wp\/v2\/media\/8146"}],"wp:attachment":[{"href":"https:\/\/jorgezanoni.com.br\/2019\/wp-json\/wp\/v2\/media?parent=8144"}],"wp:term":[{"taxonomy":"category","embeddable":true,"href":"https:\/\/jorgezanoni.com.br\/2019\/wp-json\/wp\/v2\/categories?post=8144"},{"taxonomy":"post_tag","embeddable":true,"href":"https:\/\/jorgezanoni.com.br\/2019\/wp-json\/wp\/v2\/tags?post=8144"}],"curies":[{"name":"wp","href":"https:\/\/api.w.org\/{rel}","templated":true}]}}