{"id":8136,"date":"2019-10-08T23:37:48","date_gmt":"2019-10-08T23:37:48","guid":{"rendered":"https:\/\/jorgezanoni.com.br\/2019\/?p=8136"},"modified":"2019-10-08T23:37:48","modified_gmt":"2019-10-08T23:37:48","slug":"anglo-cid-participa-de-congresso-do-sistema-anglo-de-ensino","status":"publish","type":"post","link":"https:\/\/jorgezanoni.com.br\/2019\/anglo-cid-participa-de-congresso-do-sistema-anglo-de-ensino\/","title":{"rendered":"Anglo-CID participa de Congresso do Sistema Anglo de Ensino"},"content":{"rendered":"<p style=\"font-weight: 400; text-align: justify;\">A dire\u00e7\u00e3o e professores do Col\u00e9gio Anglo-CID Dracena participaram do Congresso Nacional do Sistema Anglo de Ensino, realizado no dia 21 de setembro, em S\u00e3o Paulo. O evento contou com a participa\u00e7\u00e3o de palestrantes e especialistas na \u00e1rea da Educa\u00e7\u00e3o e com parceiros do Sistema de v\u00e1rios Estados do Pa\u00eds.<br \/>\nO prop\u00f3sito foi capacitar e integrar os profissionais, oferecendo os instrumentos necess\u00e1rios para a melhoria do aprendizado dos alunos em sala de aula. Entre outras atividades, os participantes tiveram a chance de assistir a diversas palestras sobre temas ligados ao universo da educa\u00e7\u00e3o atual e do futuro, \u00e0 educa\u00e7\u00e3o socioemocional, ao Novo Ensino M\u00e9dio, \u00e0 BNCC, \u00e0 tecnologia educacional, aos desafios das pr\u00e1ticas pedag\u00f3gicas e ao papel do professor em sala de aula, entre outros temas. &#8220;Toda escola deve procurar se aperfei\u00e7oar em sua pr\u00f3pria concep\u00e7\u00e3o pedag\u00f3gica. Eventos como o Congresso Nacional auxiliam todos os profissionais que desejam evoluir em sua forma\u00e7\u00e3o acad\u00eamica&#8221;, comentou Eul\u00e1lia Fava, diretora da escola.<br \/>\nOs professores Amanda Matreiro, Bruno Pinto Soares e Marco Aur\u00e9lio Tavares tiveram a oportunidade de participar de v\u00e1rias palestras dentro das \u00e1reas\u00a0de Hist\u00f3ria, Filosofia, Sociologia, Matem\u00e1tica e Biologia, que est\u00e3o sendo atualizadas no material Anglo de acordo com a nova BNCC e sendo ajustadas aos conte\u00fados e metodologias novas, consolidando uma proximidade que os ajuda a preparar e orientar melhor suas aulas.<\/p>\n<p style=\"font-weight: 400; text-align: justify;\">Carolina Colnago<\/p>\n<p style=\"font-weight: 400; text-align: justify;\">Assessora de Comunica\u00e7\u00e3o da Fundec &#8211; Jornalista<\/p>\n<p style=\"text-align: justify;\">Foto: Diretora do Anglo-CID Eul\u00e1lia Fava e professores durante o Congresso Nacional do Sistema Anglo de Ensino.<\/p>\n","protected":false},"excerpt":{"rendered":"<p>A dire\u00e7\u00e3o e professores do Col\u00e9gio Anglo-CID Dracena participaram do Congresso Nacional do Sistema Anglo de Ensino, realizado no dia 21 de setembro, em S\u00e3o Paulo. O evento contou com a participa\u00e7\u00e3o de palestrantes e especialistas na \u00e1rea da Educa\u00e7\u00e3o e com parceiros do Sistema de v\u00e1rios Estados do Pa\u00eds. O prop\u00f3sito foi capacitar e [&hellip;]<\/p>\n","protected":false},"author":1,"featured_media":8137,"comment_status":"closed","ping_status":"open","sticky":false,"template":"","format":"standard","meta":{"footnotes":""},"categories":[122],"tags":[],"class_list":["post-8136","post","type-post","status-publish","format-standard","has-post-thumbnail","hentry","category-saudeeducacaoeconcurso"],"_links":{"self":[{"href":"https:\/\/jorgezanoni.com.br\/2019\/wp-json\/wp\/v2\/posts\/8136","targetHints":{"allow":["GET"]}}],"collection":[{"href":"https:\/\/jorgezanoni.com.br\/2019\/wp-json\/wp\/v2\/posts"}],"about":[{"href":"https:\/\/jorgezanoni.com.br\/2019\/wp-json\/wp\/v2\/types\/post"}],"author":[{"embeddable":true,"href":"https:\/\/jorgezanoni.com.br\/2019\/wp-json\/wp\/v2\/users\/1"}],"replies":[{"embeddable":true,"href":"https:\/\/jorgezanoni.com.br\/2019\/wp-json\/wp\/v2\/comments?post=8136"}],"version-history":[{"count":0,"href":"https:\/\/jorgezanoni.com.br\/2019\/wp-json\/wp\/v2\/posts\/8136\/revisions"}],"wp:featuredmedia":[{"embeddable":true,"href":"https:\/\/jorgezanoni.com.br\/2019\/wp-json\/wp\/v2\/media\/8137"}],"wp:attachment":[{"href":"https:\/\/jorgezanoni.com.br\/2019\/wp-json\/wp\/v2\/media?parent=8136"}],"wp:term":[{"taxonomy":"category","embeddable":true,"href":"https:\/\/jorgezanoni.com.br\/2019\/wp-json\/wp\/v2\/categories?post=8136"},{"taxonomy":"post_tag","embeddable":true,"href":"https:\/\/jorgezanoni.com.br\/2019\/wp-json\/wp\/v2\/tags?post=8136"}],"curies":[{"name":"wp","href":"https:\/\/api.w.org\/{rel}","templated":true}]}}