{"id":81294,"date":"2023-10-13T15:35:09","date_gmt":"2023-10-13T15:35:09","guid":{"rendered":"https:\/\/jorgezanoni.com.br\/2019\/?p=81294"},"modified":"2023-10-13T15:35:09","modified_gmt":"2023-10-13T15:35:09","slug":"8a-festa-do-primos-capobianco-acontece-este-final-de-semana-em-dracena","status":"publish","type":"post","link":"https:\/\/jorgezanoni.com.br\/2019\/8a-festa-do-primos-capobianco-acontece-este-final-de-semana-em-dracena\/","title":{"rendered":"8\u00aa Festa do Primos Capobianco acontece este final de semana em Dracena"},"content":{"rendered":"<p style=\"text-align: justify;\"><strong>Uma Festa que j\u00e1 virou tradi\u00e7\u00e3o, acontece neste final de semana na Ch\u00e1cara V\u00f4 Mingo em Dracena, sendo a sexta realizada nesta cidade e duas em Londrina\/PR.<\/strong><\/p>\n<p style=\"text-align: justify;\">Estar\u00e3o presentes primos de diversas cidades e estados brasileiros, com presen\u00e7a garantida de mais de 100 (cem) pessoas.<\/p>\n<p style=\"text-align: justify;\">A confraterniza\u00e7\u00e3o come\u00e7a nesta sexta-feira (13) com jantar, almo\u00e7o e\u00a0 jantar principal amanh\u00e3 \u00e0 noite e almo\u00e7o no domingo.<\/p>\n<p style=\"text-align: justify;\">Todos os presentes tem algum grau de parentesco entre si, sendo na grande maioria primos consangu\u00edneos.<\/p>\n<p style=\"text-align: justify;\">Al\u00e9m de muita comida gostosa e bebida, haver\u00e1 no s\u00e1bado per\u00edodo da tarde, diversas atividades para descontra\u00e7\u00e3o.<\/p>\n<p style=\"text-align: justify;\">As fam\u00edlias de Dracena se prepararam durante alguns meses para que tudo saia a contento, acolhendo todos os visitantes em suas resid\u00eancias.<\/p>\n<p>Jorge Zanoni<\/p>\n<p>Foto Arquivo da Festa 2015<\/p>\n","protected":false},"excerpt":{"rendered":"<p>Uma Festa que j\u00e1 virou tradi\u00e7\u00e3o, acontece neste final de semana na Ch\u00e1cara V\u00f4 Mingo em Dracena, sendo a sexta realizada nesta cidade e duas em Londrina\/PR. Estar\u00e3o presentes primos de diversas cidades e estados brasileiros, com presen\u00e7a garantida de mais de 100 (cem) pessoas. A confraterniza\u00e7\u00e3o come\u00e7a nesta sexta-feira (13) com jantar, almo\u00e7o e\u00a0 [&hellip;]<\/p>\n","protected":false},"author":1,"featured_media":81295,"comment_status":"closed","ping_status":"open","sticky":false,"template":"","format":"standard","meta":{"footnotes":""},"categories":[181,110],"tags":[],"class_list":["post-81294","post","type-post","status-publish","format-standard","has-post-thumbnail","hentry","category-galeriadefotos","category-noticiasdestaque"],"_links":{"self":[{"href":"https:\/\/jorgezanoni.com.br\/2019\/wp-json\/wp\/v2\/posts\/81294","targetHints":{"allow":["GET"]}}],"collection":[{"href":"https:\/\/jorgezanoni.com.br\/2019\/wp-json\/wp\/v2\/posts"}],"about":[{"href":"https:\/\/jorgezanoni.com.br\/2019\/wp-json\/wp\/v2\/types\/post"}],"author":[{"embeddable":true,"href":"https:\/\/jorgezanoni.com.br\/2019\/wp-json\/wp\/v2\/users\/1"}],"replies":[{"embeddable":true,"href":"https:\/\/jorgezanoni.com.br\/2019\/wp-json\/wp\/v2\/comments?post=81294"}],"version-history":[{"count":1,"href":"https:\/\/jorgezanoni.com.br\/2019\/wp-json\/wp\/v2\/posts\/81294\/revisions"}],"predecessor-version":[{"id":81296,"href":"https:\/\/jorgezanoni.com.br\/2019\/wp-json\/wp\/v2\/posts\/81294\/revisions\/81296"}],"wp:featuredmedia":[{"embeddable":true,"href":"https:\/\/jorgezanoni.com.br\/2019\/wp-json\/wp\/v2\/media\/81295"}],"wp:attachment":[{"href":"https:\/\/jorgezanoni.com.br\/2019\/wp-json\/wp\/v2\/media?parent=81294"}],"wp:term":[{"taxonomy":"category","embeddable":true,"href":"https:\/\/jorgezanoni.com.br\/2019\/wp-json\/wp\/v2\/categories?post=81294"},{"taxonomy":"post_tag","embeddable":true,"href":"https:\/\/jorgezanoni.com.br\/2019\/wp-json\/wp\/v2\/tags?post=81294"}],"curies":[{"name":"wp","href":"https:\/\/api.w.org\/{rel}","templated":true}]}}