{"id":81290,"date":"2023-10-13T14:59:47","date_gmt":"2023-10-13T14:59:47","guid":{"rendered":"https:\/\/jorgezanoni.com.br\/2019\/?p=81290"},"modified":"2023-10-13T15:00:43","modified_gmt":"2023-10-13T15:00:43","slug":"sicredi-lanca-novo-posicionamento-de-marca-em-campanha-nacional","status":"publish","type":"post","link":"https:\/\/jorgezanoni.com.br\/2019\/sicredi-lanca-novo-posicionamento-de-marca-em-campanha-nacional\/","title":{"rendered":"Sicredi lan\u00e7a novo posicionamento de marca em campanha nacional"},"content":{"rendered":"<p style=\"text-align: justify;\" align=\"center\"><strong><i>Ampliar o conhecimento de marca e chegar a 10 milh\u00f5es de associados at\u00e9 2025 s\u00e3o os objetivos desse movimento.<\/i><\/strong><\/p>\n<p style=\"text-align: justify;\">O Sicredi vem crescendo de forma consistente nos \u00faltimos anos e, ao mesmo tempo, com um alto n\u00edvel de satisfa\u00e7\u00e3o e de recomenda\u00e7\u00e3o dos associados. Para contribuir com essa estrat\u00e9gia de crescimento e de expans\u00e3o, o novo posicionamento de marca foi lan\u00e7ado em campanha nacional. &#8220;A nossa inten\u00e7\u00e3o \u00e9 chegar a 10 milh\u00f5es de associados at\u00e9 2025. Nossa for\u00e7a est\u00e1 no local e queremos expandir a marca para o nacional, pois temos a oportunidade de levar o cooperativismo para cada vez mais pessoas e de potencializar o impacto positivo que geramos&#8221;, destaca C\u00e9sar Bochi, diretor presidente do Banco Cooperativo Sicredi.<\/p>\n<p style=\"text-align: justify;\">A estrat\u00e9gia de marketing come\u00e7ou com a revis\u00e3o do posicionamento e dos atributos da marca constru\u00edda com o apoio da consultoria\u00a0<em>Future Brand<\/em>\u00a0que identificou, por meio de diagn\u00f3sticos e pesquisas, que o principal diferencial do Sicredi est\u00e1 no profundo conhecimento e valoriza\u00e7\u00e3o dos seus associados e na forma humana como se relaciona. &#8220;A partir desse posicionamento, desenhamos uma estrat\u00e9gia de comunica\u00e7\u00e3o robusta que inicia com a maior campanha nacional integrada da marca&#8221;, enfatiza Cris Duclos, diretora executiva de Marketing e Experi\u00eancia do Sicredi.<\/p>\n<p style=\"text-align: justify;\">A campanha &#8220;N\u00e3o \u00e9 s\u00f3 dinheiro, \u00e9 ter com quem contar&#8221;, que lan\u00e7a esse novo posicionamento, estreou neste domingo, 8 de outubro, e ser\u00e1 veiculada nas principais emissoras de televis\u00e3o, m\u00eddias digitais e redes sociais do pa\u00eds at\u00e9 2024. Embalada por uma adapta\u00e7\u00e3o da m\u00fasica &#8220;N\u00e3o quero dinheiro&#8221;, de Tim Maia, nas vozes dos cantores Ana Castela e Leo Santana, a campanha pretende ampliar o conhecimento e a considera\u00e7\u00e3o de marca e conquistar novos associados.<\/p>\n<p style=\"text-align: justify;\">&#8220;Buscamos uma m\u00fasica memor\u00e1vel e reunimos, de forma in\u00e9dita, essas duas celebridades nacionais que s\u00e3o a cara do Brasil para refor\u00e7ar que o Sicredi \u00e9 mais do que uma institui\u00e7\u00e3o financeira cooperativa, \u00e9 um amigo com quem se pode contar e confiar. A dupla tamb\u00e9m traz brasilidade e diversidade, posicionando o Sicredi como uma marca nacional, com lideran\u00e7a em relacionamento e confian\u00e7a&#8221;, diz Cris Duclos.<\/p>\n<p style=\"text-align: justify;\">Ana Castela e Leo Santana, dois grandes destaques da m\u00fasica brasileira e que re\u00fanem juntos mais de 30 milh\u00f5es de seguidores, ajudar\u00e3o a contar que o relacionamento pr\u00f3ximo e humano dos gerentes das mais de 2,5 mil ag\u00eancias e que o interesse em conhecer profundamente as necessidades dos mais de 7 milh\u00f5es de associados s\u00e3o diferenciais do Sicredi.<\/p>\n<p style=\"text-align: justify;\">A campanha foi desenvolvida pela Hoc e Jotacom em parceria. Os filmes s\u00e3o uma superprodu\u00e7\u00e3o do Pedro Becker, com cenas que representam o Brasil e que mostram o jeito humano e pr\u00f3ximo do Sicredi, seja no relacionamento f\u00edsico ou digital. H\u00e1 vers\u00f5es dos filmes para todos os p\u00fablicos atendidos: pessoas f\u00edsicas, jur\u00eddicas e para o agroneg\u00f3cio.<\/p>\n<p style=\"text-align: justify;\">O lan\u00e7amento aconteceu no intervalo do Fant\u00e1stico, e o comercial tamb\u00e9m segue sendo veiculado no SBT, Record e Band. Al\u00e9m disso, o Sicredi patrocina o &#8220;Bom Dia Brasil&#8221;, da rede Globo, em um formato in\u00e9dito, antes do telejornal, levando o tradicional &#8220;bom dia&#8221; que ocorre nas ag\u00eancias do Sicredi para a televis\u00e3o. Ainda est\u00e3o programadas a\u00e7\u00f5es de engajamento interno com pessoas colaboradoras, as quais atuar\u00e3o como influenciadoras. &#8220;A inten\u00e7\u00e3o \u00e9 trazer as pessoas que j\u00e1 vivem o nosso DNA no dia a dia e transform\u00e1-las em porta-vozes da campanha, demonstrando o seu orgulho de fazer parte&#8221;, refor\u00e7a Cris.<\/p>\n<p style=\"text-align: justify;\">&#8220;Somos uma marca humana, feita de pessoas para pessoas e o processo de constru\u00e7\u00e3o dessa campanha n\u00e3o poderia ser diferente. Mais de 300 profissionais de marketing e de comunica\u00e7\u00e3o &#8211; das nossas centrais, cooperativas e da diretoria executiva &#8211; fizeram parte dessa constru\u00e7\u00e3o que vai muito al\u00e9m de uma campanha. Trata-se de um movimento que inicia em 2023 e que ser\u00e1 potencializado em 2024, demonstrando para cada vez mais pessoas que o Sicredi tem um modelo de neg\u00f3cio moderno, atual e com o melhor da rela\u00e7\u00e3o humana e digital&#8221;, finaliza Cris Duclos.<\/p>\n<p style=\"text-align: justify;\"><strong>Sobre o Sicredi<\/strong><\/p>\n<p class=\"v1MsoNormal\" style=\"text-align: justify;\"><i>O Sicredi \u00e9 uma institui\u00e7\u00e3o financeira cooperativa comprometida com o crescimento de seus associados e com o desenvolvimento das regi\u00f5es onde atua. Possui um modelo de gest\u00e3o que valoriza a participa\u00e7\u00e3o dos mais de 7 milh\u00f5es de associados, que exercem o papel de donos do neg\u00f3cio. Com mais de 2.500 ag\u00eancias, o Sicredi est\u00e1 presente fisicamente em todos os estados brasileiros e no Distrito Federal, disponibilizando uma gama completa de solu\u00e7\u00f5es financeiras e n\u00e3o financeiras.<\/i><\/p>\n<p class=\"v1MsoNormal\" style=\"text-align: justify;\"><b><i>Site do Sicredi:\u00a0<a href=\"http:\/\/www.sicredi.com.br\/\" target=\"_blank\" rel=\"noopener noreferrer\">www.sicredi.com.br<\/a><\/i><\/b><\/p>\n<p class=\"v1MsoNormal\" style=\"text-align: justify;\"><b><i>Redes Sociais:\u00a0<\/i><\/b><em><b><u><span lang=\"EN-US\"><a href=\"http:\/\/www.facebook.com\/sicredicentrooestepaulista\" target=\"_blank\" rel=\"noopener noreferrer\"><i><span lang=\"PT-BR\">Facebook<\/span><\/i><\/a><\/span><\/u><\/b><\/em><em>\u00a0|<\/em>\u00a0<em><b><u><span lang=\"EN-US\"><a href=\"https:\/\/www.linkedin.com\/company\/sicredi-centro-oeste-paulista\/\" target=\"_blank\" rel=\"noopener noreferrer\"><i><span lang=\"PT-BR\">LinkedIn<\/span><\/i><\/a><\/span><\/u><\/b><\/em><em>\u00a0|<\/em>\u00a0<em><b><u><span lang=\"EN-US\"><a href=\"http:\/\/www.youtube.com\/sicredicentrooestepaulista\" target=\"_blank\" rel=\"noopener noreferrer\"><i><span lang=\"PT-BR\">YouTube<\/span><\/i><\/a><\/span><\/u><\/b><\/em><span lang=\"EN-US\">\u00a0<\/span><em>|\u00a0<\/em><em><b><u><span lang=\"EN-US\"><a href=\"http:\/\/www.instagram.com\/sicredicentrooestepaulista\" target=\"_blank\" rel=\"noopener noreferrer\"><i><span lang=\"PT-BR\">Instagram<\/span><\/i><\/a><\/span><\/u><\/b><\/em><\/p>\n<p style=\"text-align: justify;\">CAPA: Interpretada por Ana Castela e Leo Santana, a can\u00e7\u00e3o de Tim Maia &#8220;N\u00e3o quero dinheiro&#8221; ser\u00e1 o tema musical da nova campanha nacional do Sicredi<br \/>\n<i>Cr\u00e9dito: Divulga\u00e7\u00e3o\/Sicredi<\/i><\/p>\n<p style=\"text-align: justify;\"><img loading=\"lazy\" decoding=\"async\" class=\"alignnone size-full wp-image-81291\" src=\"https:\/\/jorgezanoni.com.br\/2019\/wp-content\/uploads\/2023\/10\/lEO.jpg\" alt=\"\" width=\"120\" height=\"80\" \/>Leo Santana e Ana Castela ajudar\u00e3o a contar sobre o diferencial do relacionamento pr\u00f3ximo e humano promovido pelo Sicredi<br \/>\n<i>Cr\u00e9dito: Divulga\u00e7\u00e3o\/Sicredi<\/i><\/p>\n<p>&nbsp;<\/p>\n<p>Fonte: Comunica\u00e7\u00e3o e Marketing<\/p>\n","protected":false},"excerpt":{"rendered":"<p>Ampliar o conhecimento de marca e chegar a 10 milh\u00f5es de associados at\u00e9 2025 s\u00e3o os objetivos desse movimento. O Sicredi vem crescendo de forma consistente nos \u00faltimos anos e, ao mesmo tempo, com um alto n\u00edvel de satisfa\u00e7\u00e3o e de recomenda\u00e7\u00e3o dos associados. Para contribuir com essa estrat\u00e9gia de crescimento e de expans\u00e3o, o [&hellip;]<\/p>\n","protected":false},"author":1,"featured_media":81292,"comment_status":"closed","ping_status":"open","sticky":false,"template":"","format":"standard","meta":{"footnotes":""},"categories":[110,116],"tags":[],"class_list":["post-81290","post","type-post","status-publish","format-standard","has-post-thumbnail","hentry","category-noticiasdestaque","category-politicaeeconomia"],"_links":{"self":[{"href":"https:\/\/jorgezanoni.com.br\/2019\/wp-json\/wp\/v2\/posts\/81290","targetHints":{"allow":["GET"]}}],"collection":[{"href":"https:\/\/jorgezanoni.com.br\/2019\/wp-json\/wp\/v2\/posts"}],"about":[{"href":"https:\/\/jorgezanoni.com.br\/2019\/wp-json\/wp\/v2\/types\/post"}],"author":[{"embeddable":true,"href":"https:\/\/jorgezanoni.com.br\/2019\/wp-json\/wp\/v2\/users\/1"}],"replies":[{"embeddable":true,"href":"https:\/\/jorgezanoni.com.br\/2019\/wp-json\/wp\/v2\/comments?post=81290"}],"version-history":[{"count":1,"href":"https:\/\/jorgezanoni.com.br\/2019\/wp-json\/wp\/v2\/posts\/81290\/revisions"}],"predecessor-version":[{"id":81293,"href":"https:\/\/jorgezanoni.com.br\/2019\/wp-json\/wp\/v2\/posts\/81290\/revisions\/81293"}],"wp:featuredmedia":[{"embeddable":true,"href":"https:\/\/jorgezanoni.com.br\/2019\/wp-json\/wp\/v2\/media\/81292"}],"wp:attachment":[{"href":"https:\/\/jorgezanoni.com.br\/2019\/wp-json\/wp\/v2\/media?parent=81290"}],"wp:term":[{"taxonomy":"category","embeddable":true,"href":"https:\/\/jorgezanoni.com.br\/2019\/wp-json\/wp\/v2\/categories?post=81290"},{"taxonomy":"post_tag","embeddable":true,"href":"https:\/\/jorgezanoni.com.br\/2019\/wp-json\/wp\/v2\/tags?post=81290"}],"curies":[{"name":"wp","href":"https:\/\/api.w.org\/{rel}","templated":true}]}}