{"id":81206,"date":"2023-10-05T17:32:40","date_gmt":"2023-10-05T17:32:40","guid":{"rendered":"https:\/\/jorgezanoni.com.br\/2019\/?p=81206"},"modified":"2023-10-05T17:32:40","modified_gmt":"2023-10-05T17:32:40","slug":"cobranca-de-zona-azul-sera-ampliada-a-partir-desta-segunda-feira-9","status":"publish","type":"post","link":"https:\/\/jorgezanoni.com.br\/2019\/cobranca-de-zona-azul-sera-ampliada-a-partir-desta-segunda-feira-9\/","title":{"rendered":"Cobran\u00e7a de Zona Azul ser\u00e1 ampliada a partir desta segunda-feira (9)"},"content":{"rendered":"<p style=\"text-align: justify;\"><strong>A Empresa ASG Engenharia, atrav\u00e9s da D PARK respons\u00e1vel pela Zona Azul em Dracena, informa aos usu\u00e1rios que a partir desta segunda-feira (9), haver\u00e1 implanta\u00e7\u00e3o em novos locais.<\/strong><\/p>\n<p style=\"text-align: justify;\">Al\u00e9m da Pra\u00e7a Arthur Pagnozzi agora teremos Zona Azul nas Avenidas Presidente Roosevelt e Vargas entre as Ruas Princesa Isabel e Brasil em todas as travessas. Na Avenida Jos\u00e9 Bonif\u00e1cio entre Duque de Caxias e Maracaj\u00fa. Na Avenida dos Expedicion\u00e1rios da Pra\u00e7a at\u00e9 o Mercado Municipal e na Monte Castelo e Brasil da Messias Ferreira da Palma at\u00e9 na Presidente Roosevelt. (Veja mapa abaixo).<\/p>\n<p><img loading=\"lazy\" decoding=\"async\" class=\"alignnone size-full wp-image-81207\" src=\"https:\/\/jorgezanoni.com.br\/2019\/wp-content\/uploads\/2023\/10\/Zona-Azul-1.jpg\" alt=\"\" width=\"1221\" height=\"832\" srcset=\"https:\/\/jorgezanoni.com.br\/2019\/wp-content\/uploads\/2023\/10\/Zona-Azul-1.jpg 1221w, https:\/\/jorgezanoni.com.br\/2019\/wp-content\/uploads\/2023\/10\/Zona-Azul-1-300x204.jpg 300w, https:\/\/jorgezanoni.com.br\/2019\/wp-content\/uploads\/2023\/10\/Zona-Azul-1-1024x698.jpg 1024w, https:\/\/jorgezanoni.com.br\/2019\/wp-content\/uploads\/2023\/10\/Zona-Azul-1-768x523.jpg 768w, https:\/\/jorgezanoni.com.br\/2019\/wp-content\/uploads\/2023\/10\/Zona-Azul-1-218x150.jpg 218w, https:\/\/jorgezanoni.com.br\/2019\/wp-content\/uploads\/2023\/10\/Zona-Azul-1-696x474.jpg 696w, https:\/\/jorgezanoni.com.br\/2019\/wp-content\/uploads\/2023\/10\/Zona-Azul-1-1068x728.jpg 1068w, https:\/\/jorgezanoni.com.br\/2019\/wp-content\/uploads\/2023\/10\/Zona-Azul-1-616x420.jpg 616w\" sizes=\"auto, (max-width: 1221px) 100vw, 1221px\" \/><\/p>\n<p style=\"text-align: justify;\">\u00c9 a segunda fase do estacionamento rotativo que ter\u00e1 sua conclus\u00e3o at\u00e9 o final de novembro. Ser\u00e3o implantadas mais 327 vagas, totalizand com essa etapa 400.<\/p>\n<p style=\"text-align: justify;\">Al\u00e9m dos pontos de vendas j\u00e1 existentes no entorno da Pra\u00e7a Arthur Pagnozzi, novos locais foram credenciados para esta nova fase, conforme segue abaixo.<\/p>\n<p><img loading=\"lazy\" decoding=\"async\" class=\"alignnone size-full wp-image-81208\" src=\"https:\/\/jorgezanoni.com.br\/2019\/wp-content\/uploads\/2023\/10\/zona-azul.jpg\" alt=\"\" width=\"539\" height=\"308\" srcset=\"https:\/\/jorgezanoni.com.br\/2019\/wp-content\/uploads\/2023\/10\/zona-azul.jpg 539w, https:\/\/jorgezanoni.com.br\/2019\/wp-content\/uploads\/2023\/10\/zona-azul-300x171.jpg 300w\" sizes=\"auto, (max-width: 539px) 100vw, 539px\" \/><\/p>\n<p>Fonte: ASG Engenharia<\/p>\n","protected":false},"excerpt":{"rendered":"<p>A Empresa ASG Engenharia, atrav\u00e9s da D PARK respons\u00e1vel pela Zona Azul em Dracena, informa aos usu\u00e1rios que a partir desta segunda-feira (9), haver\u00e1 implanta\u00e7\u00e3o em novos locais. Al\u00e9m da Pra\u00e7a Arthur Pagnozzi agora teremos Zona Azul nas Avenidas Presidente Roosevelt e Vargas entre as Ruas Princesa Isabel e Brasil em todas as travessas. Na [&hellip;]<\/p>\n","protected":false},"author":1,"featured_media":81209,"comment_status":"closed","ping_status":"open","sticky":false,"template":"","format":"standard","meta":{"footnotes":""},"categories":[180,110],"tags":[],"class_list":["post-81206","post","type-post","status-publish","format-standard","has-post-thumbnail","hentry","category-estradastransitoveiculos","category-noticiasdestaque"],"_links":{"self":[{"href":"https:\/\/jorgezanoni.com.br\/2019\/wp-json\/wp\/v2\/posts\/81206","targetHints":{"allow":["GET"]}}],"collection":[{"href":"https:\/\/jorgezanoni.com.br\/2019\/wp-json\/wp\/v2\/posts"}],"about":[{"href":"https:\/\/jorgezanoni.com.br\/2019\/wp-json\/wp\/v2\/types\/post"}],"author":[{"embeddable":true,"href":"https:\/\/jorgezanoni.com.br\/2019\/wp-json\/wp\/v2\/users\/1"}],"replies":[{"embeddable":true,"href":"https:\/\/jorgezanoni.com.br\/2019\/wp-json\/wp\/v2\/comments?post=81206"}],"version-history":[{"count":1,"href":"https:\/\/jorgezanoni.com.br\/2019\/wp-json\/wp\/v2\/posts\/81206\/revisions"}],"predecessor-version":[{"id":81210,"href":"https:\/\/jorgezanoni.com.br\/2019\/wp-json\/wp\/v2\/posts\/81206\/revisions\/81210"}],"wp:featuredmedia":[{"embeddable":true,"href":"https:\/\/jorgezanoni.com.br\/2019\/wp-json\/wp\/v2\/media\/81209"}],"wp:attachment":[{"href":"https:\/\/jorgezanoni.com.br\/2019\/wp-json\/wp\/v2\/media?parent=81206"}],"wp:term":[{"taxonomy":"category","embeddable":true,"href":"https:\/\/jorgezanoni.com.br\/2019\/wp-json\/wp\/v2\/categories?post=81206"},{"taxonomy":"post_tag","embeddable":true,"href":"https:\/\/jorgezanoni.com.br\/2019\/wp-json\/wp\/v2\/tags?post=81206"}],"curies":[{"name":"wp","href":"https:\/\/api.w.org\/{rel}","templated":true}]}}