{"id":81203,"date":"2023-10-05T14:09:27","date_gmt":"2023-10-05T14:09:27","guid":{"rendered":"https:\/\/jorgezanoni.com.br\/2019\/?p=81203"},"modified":"2023-10-05T14:09:27","modified_gmt":"2023-10-05T14:09:27","slug":"fundec-divulga-suas-unidades-educacionais-na-aceruva-2023","status":"publish","type":"post","link":"https:\/\/jorgezanoni.com.br\/2019\/fundec-divulga-suas-unidades-educacionais-na-aceruva-2023\/","title":{"rendered":"Fundec divulga suas unidades educacionais na Aceruva 2023"},"content":{"rendered":"<p style=\"text-align: justify;\"><span style=\"font-size: large;\">A Fundec, Funda\u00e7\u00e3o Dracenense de Educa\u00e7\u00e3o e Cultura, participar\u00e1 da Aceruva 2023, que ser\u00e1 realizada em Junqueir\u00f3polis entre os dias 11 a 14 de outubro e dever\u00e1 reunir milhares de pessoas de toda a regi\u00e3o.<\/span><\/p>\n<p><span style=\"font-size: large;\">Durante o evento, a Fundec ir\u00e1 divulgar os vestibulares da Unifadra (Medicina\/cursos noturnos) e as campanhas de matr\u00edculas do Anglo-CID e CEP\/UME\/Maxi.<\/span><\/p>\n<p><span style=\"font-size: large;\">A festa contar\u00e1 com shows gratuitos todas as noites, rodeio em touros, exposi\u00e7\u00f5es de empresas, pra\u00e7a de alimenta\u00e7\u00e3o, parque de divers\u00f5es e pavilh\u00e3o com frutas e produ\u00e7\u00e3o agr\u00edcola da cidade e regi\u00e3o.<\/span><\/p>\n<p><span style=\"font-size: large;\">Saiba mais sobre as maneiras de ingressar em cada uma das escolas que comp\u00f5em a Fundec:<\/span><\/p>\n<p><span style=\"font-size: large;\"><b><u>Unifadra<\/u><\/b><\/span><\/p>\n<p><span style=\"font-size: large;\"><b>Vestibular de Medicina<\/b><\/span><br \/>\n<span style=\"font-size: large;\">Prova Presencial<\/span><br \/>\n<span style=\"font-size: large;\">Inscri\u00e7\u00f5es at\u00e9 07\/11\/23 em\u00a0<a href=\"https:\/\/www.vunesp.com.br\/FDEC2302\" target=\"_blank\" rel=\"noopener noreferrer\">https:\/\/www.vunesp.com.br\/FDEC2302<\/a><\/span><br \/>\n<span style=\"font-size: large;\">Prova: 03\/12\/23, \u00e0s 14h, na Unifadra Dracena<\/span><\/p>\n<p><span style=\"font-size: large;\"><b>Vestibular de Ver\u00e3o &#8211; Cursos Noturnos<\/b><\/span><br \/>\n<span style=\"font-size: large;\">Prova Presencial | Prova On-line | Nota do ENEM<\/span><br \/>\n<span style=\"font-size: large;\">Inscri\u00e7\u00f5es em\u00a0<a href=\"https:\/\/fundec.edu.br\/vestibular\" target=\"_blank\" rel=\"noopener noreferrer\">https:\/\/fundec.edu.br\/vestibular<\/a><\/span><br \/>\n<span style=\"font-size: large;\">Matr\u00edculas com descontos de 20%, 15% ou 10% nas mensalidades de todo o curso, conforme cronograma do edital, para quem antecipar sua matr\u00edcula.<\/span><\/p>\n<p><span style=\"font-size: large;\"><b><u>CEP\/UME e Maxi Dracena<\/u><\/b><\/span><\/p>\n<p><span style=\"font-size: large;\"><b>Cursos T\u00e9cnicos do CEP\/UME<\/b><\/span><br \/>\n<span style=\"font-size: large;\">Enfermagem | Est\u00e9tica | Radiologia | Edifica\u00e7\u00f5es | Seguran\u00e7a do Trabalho<\/span><br \/>\n<span style=\"font-size: large;\">Matr\u00edculas abertas: (18) 3821-9004 | (18) 99802-1237 (Whatsapp)<\/span><\/p>\n<p><span style=\"font-size: large;\"><b>Ensino M\u00e9dio Integrado ao T\u00e9cnico em Jogos Digitais<\/b><\/span><br \/>\n<span style=\"font-size: large;\">Matr\u00edculas abertas: (18) 3821-9008 | (18) 99634-0383 (Whatsapp)<\/span><br \/>\n<span style=\"font-size: large;\">Saiba mais:\u00a0<a href=\"https:\/\/fundec.edu.br\/jogosdigitais\" target=\"_blank\" rel=\"noopener noreferrer\">https:\/\/fundec.edu.br\/jogosdigitais<\/a><\/span><\/p>\n<p><span style=\"font-size: large;\"><b><u>Anglo-CID<\/u><\/b><\/span><\/p>\n<p><span style=\"font-size: large;\"><b>Ensino Fundamental e M\u00e9dio<\/b><\/span><br \/>\n<span style=\"font-size: large;\">Matr\u00edculas abertas: (18) 3821-9007 ou (18) 99605-9664<\/span><\/p>\n<div style=\"text-align: justify;\"><span style=\"font-size: large;\"><i>Imagem cedida pela Comiss\u00e3o Organizadora da Aceruva 2023<\/i><\/span><\/div>\n<div style=\"text-align: justify;\"><\/div>\n<div style=\"text-align: justify;\">Fonte: Depto. de Comunica\u00e7\u00e3o da FUNDEC<\/div>\n","protected":false},"excerpt":{"rendered":"<p>A Fundec, Funda\u00e7\u00e3o Dracenense de Educa\u00e7\u00e3o e Cultura, participar\u00e1 da Aceruva 2023, que ser\u00e1 realizada em Junqueir\u00f3polis entre os dias 11 a 14 de outubro e dever\u00e1 reunir milhares de pessoas de toda a regi\u00e3o. Durante o evento, a Fundec ir\u00e1 divulgar os vestibulares da Unifadra (Medicina\/cursos noturnos) e as campanhas de matr\u00edculas do Anglo-CID [&hellip;]<\/p>\n","protected":false},"author":1,"featured_media":81204,"comment_status":"closed","ping_status":"open","sticky":false,"template":"","format":"standard","meta":{"footnotes":""},"categories":[110,122],"tags":[],"class_list":["post-81203","post","type-post","status-publish","format-standard","has-post-thumbnail","hentry","category-noticiasdestaque","category-saudeeducacaoeconcurso"],"_links":{"self":[{"href":"https:\/\/jorgezanoni.com.br\/2019\/wp-json\/wp\/v2\/posts\/81203","targetHints":{"allow":["GET"]}}],"collection":[{"href":"https:\/\/jorgezanoni.com.br\/2019\/wp-json\/wp\/v2\/posts"}],"about":[{"href":"https:\/\/jorgezanoni.com.br\/2019\/wp-json\/wp\/v2\/types\/post"}],"author":[{"embeddable":true,"href":"https:\/\/jorgezanoni.com.br\/2019\/wp-json\/wp\/v2\/users\/1"}],"replies":[{"embeddable":true,"href":"https:\/\/jorgezanoni.com.br\/2019\/wp-json\/wp\/v2\/comments?post=81203"}],"version-history":[{"count":1,"href":"https:\/\/jorgezanoni.com.br\/2019\/wp-json\/wp\/v2\/posts\/81203\/revisions"}],"predecessor-version":[{"id":81205,"href":"https:\/\/jorgezanoni.com.br\/2019\/wp-json\/wp\/v2\/posts\/81203\/revisions\/81205"}],"wp:featuredmedia":[{"embeddable":true,"href":"https:\/\/jorgezanoni.com.br\/2019\/wp-json\/wp\/v2\/media\/81204"}],"wp:attachment":[{"href":"https:\/\/jorgezanoni.com.br\/2019\/wp-json\/wp\/v2\/media?parent=81203"}],"wp:term":[{"taxonomy":"category","embeddable":true,"href":"https:\/\/jorgezanoni.com.br\/2019\/wp-json\/wp\/v2\/categories?post=81203"},{"taxonomy":"post_tag","embeddable":true,"href":"https:\/\/jorgezanoni.com.br\/2019\/wp-json\/wp\/v2\/tags?post=81203"}],"curies":[{"name":"wp","href":"https:\/\/api.w.org\/{rel}","templated":true}]}}