{"id":81200,"date":"2023-10-05T01:25:16","date_gmt":"2023-10-05T01:25:16","guid":{"rendered":"https:\/\/jorgezanoni.com.br\/2019\/?p=81200"},"modified":"2023-10-05T01:25:16","modified_gmt":"2023-10-05T01:25:16","slug":"dracena-passara-a-contar-com-mais-uma-paroquia","status":"publish","type":"post","link":"https:\/\/jorgezanoni.com.br\/2019\/dracena-passara-a-contar-com-mais-uma-paroquia\/","title":{"rendered":"Dracena passar\u00e1 a contar com mais uma Par\u00f3quia"},"content":{"rendered":"<div class=\"x11i5rnm xat24cr x1mh8g0r x1vvkbs xtlvy1s x126k92a\">\n<div dir=\"auto\"><strong>CRIA\u00c7\u00c3O DA PAR\u00d3QUIA SANTO ANT\u00d4NIO DE SANTANA GALV\u00c3O EM DRACENA.<\/strong><\/div>\n<div dir=\"auto\"><\/div>\n<\/div>\n<div class=\"x11i5rnm xat24cr x1mh8g0r x1vvkbs xtlvy1s x126k92a\">\n<div dir=\"auto\" style=\"text-align: justify;\">Hoje pela manh\u00e3, Dom Luiz Ant\u00f4nio Cipolini, bispo diocesano de Mar\u00edlia, entrou em contato para comunicar-me que, na reuni\u00e3o do Conselho de Presb\u00edteros, realizada ontem, dia 3 de outubro, depois das devidas consultas, foi criada a Par\u00f3quia Santo Ant\u00f4nio de Santana Galv\u00e3o aqui em Dracena, que estar\u00e1 sob a responsabilidade e administra\u00e7\u00e3o dos Padres Orionitas.<\/div>\n<div dir=\"auto\"><\/div>\n<\/div>\n<div class=\"x11i5rnm xat24cr x1mh8g0r x1vvkbs xtlvy1s x126k92a\" style=\"text-align: justify;\">\n<div dir=\"auto\">A Nova Par\u00f3quia ser\u00e1 composta pelas comunidades Nossa Senhora do Perp\u00e9tuo Socorro, Nossa Senhora das Gra\u00e7as e Frei Galv\u00e3o (Matriz e sede da nova par\u00f3quia). A ere\u00e7\u00e3o can\u00f4nica (inaugura\u00e7\u00e3o\/funda\u00e7\u00e3o) da nova par\u00f3quia acontecer\u00e1 no dia 31 de outubro, a pedido do Bispo.<\/div>\n<div dir=\"auto\"><\/div>\n<div dir=\"auto\">Rezemos, meus irm\u00e3os e irm\u00e3s e pe\u00e7amos a intercess\u00e3o de Nossa Senhora Aparecida, cuja novena estamos celebrando, pela nova par\u00f3quia, pelos Padres Orionitas, na pessoa do Pe. Osvaldir e Pe. Gilmar e pelo povo de Deus que dela far\u00e1 parte.<\/div>\n<div dir=\"auto\"><\/div>\n<\/div>\n<div class=\"x11i5rnm xat24cr x1mh8g0r x1vvkbs xtlvy1s x126k92a\" style=\"text-align: justify;\">\n<div dir=\"auto\">Contem com o nosso apoio e com as nossas ora\u00e7\u00f5es&#8230; O maior testemunho que podemos dar, como sinal do Cristo Ressuscitado, \u00e9 o da UNIDADE: \u201cPai, que todos sejam um, para que o mundo creia que tu me enviaste\u201d (Jo). \u201cUnidade, comunh\u00e3o, participa\u00e7\u00e3o e miss\u00e3o\u201d.<\/div>\n<div dir=\"auto\"><\/div>\n<div dir=\"auto\">Deus aben\u00e7oe a todos n\u00f3s e que tudo seja feito para maior honra e gl\u00f3ria de Deus e de seu Filho, Nosso Senhor Jesus Cristo, na unidade do Esp\u00edrito Santo. Am\u00e9m<\/div>\n<div dir=\"auto\"><\/div>\n<\/div>\n<div class=\"x11i5rnm xat24cr x1mh8g0r x1vvkbs xtlvy1s x126k92a\">\n<div dir=\"auto\" style=\"text-align: justify;\">Frei Alonso Aparecido Pires &#8211; P\u00e1roco<\/div>\n<\/div>\n","protected":false},"excerpt":{"rendered":"<p>CRIA\u00c7\u00c3O DA PAR\u00d3QUIA SANTO ANT\u00d4NIO DE SANTANA GALV\u00c3O EM DRACENA. Hoje pela manh\u00e3, Dom Luiz Ant\u00f4nio Cipolini, bispo diocesano de Mar\u00edlia, entrou em contato para comunicar-me que, na reuni\u00e3o do Conselho de Presb\u00edteros, realizada ontem, dia 3 de outubro, depois das devidas consultas, foi criada a Par\u00f3quia Santo Ant\u00f4nio de Santana Galv\u00e3o aqui em Dracena, [&hellip;]<\/p>\n","protected":false},"author":1,"featured_media":81201,"comment_status":"closed","ping_status":"open","sticky":false,"template":"","format":"standard","meta":{"footnotes":""},"categories":[110,118],"tags":[],"class_list":["post-81200","post","type-post","status-publish","format-standard","has-post-thumbnail","hentry","category-noticiasdestaque","category-religiaoesolidariedade"],"_links":{"self":[{"href":"https:\/\/jorgezanoni.com.br\/2019\/wp-json\/wp\/v2\/posts\/81200","targetHints":{"allow":["GET"]}}],"collection":[{"href":"https:\/\/jorgezanoni.com.br\/2019\/wp-json\/wp\/v2\/posts"}],"about":[{"href":"https:\/\/jorgezanoni.com.br\/2019\/wp-json\/wp\/v2\/types\/post"}],"author":[{"embeddable":true,"href":"https:\/\/jorgezanoni.com.br\/2019\/wp-json\/wp\/v2\/users\/1"}],"replies":[{"embeddable":true,"href":"https:\/\/jorgezanoni.com.br\/2019\/wp-json\/wp\/v2\/comments?post=81200"}],"version-history":[{"count":1,"href":"https:\/\/jorgezanoni.com.br\/2019\/wp-json\/wp\/v2\/posts\/81200\/revisions"}],"predecessor-version":[{"id":81202,"href":"https:\/\/jorgezanoni.com.br\/2019\/wp-json\/wp\/v2\/posts\/81200\/revisions\/81202"}],"wp:featuredmedia":[{"embeddable":true,"href":"https:\/\/jorgezanoni.com.br\/2019\/wp-json\/wp\/v2\/media\/81201"}],"wp:attachment":[{"href":"https:\/\/jorgezanoni.com.br\/2019\/wp-json\/wp\/v2\/media?parent=81200"}],"wp:term":[{"taxonomy":"category","embeddable":true,"href":"https:\/\/jorgezanoni.com.br\/2019\/wp-json\/wp\/v2\/categories?post=81200"},{"taxonomy":"post_tag","embeddable":true,"href":"https:\/\/jorgezanoni.com.br\/2019\/wp-json\/wp\/v2\/tags?post=81200"}],"curies":[{"name":"wp","href":"https:\/\/api.w.org\/{rel}","templated":true}]}}