{"id":81178,"date":"2023-10-04T17:03:33","date_gmt":"2023-10-04T17:03:33","guid":{"rendered":"https:\/\/jorgezanoni.com.br\/2019\/?p=81178"},"modified":"2023-10-04T17:04:26","modified_gmt":"2023-10-04T17:04:26","slug":"policia-civil-promove-palestra-educativa-sobre-prevencao-as-drogas-para-jovens-do-no-programa-de-qualificacao-em-dracena","status":"publish","type":"post","link":"https:\/\/jorgezanoni.com.br\/2019\/policia-civil-promove-palestra-educativa-sobre-prevencao-as-drogas-para-jovens-do-no-programa-de-qualificacao-em-dracena\/","title":{"rendered":"Pol\u00edcia Civil promove palestra educativa sobre preven\u00e7\u00e3o \u00e0s Drogas para jovens do Programa de Qualifica\u00e7\u00e3o em Dracena"},"content":{"rendered":"<p style=\"text-align: justify;\">A Pol\u00edcia Civil, por interm\u00e9dio da Delegacia Seccional de Pol\u00edcia de Dracena, nesta ter\u00e7a-feira (3), realizou palestra preventiva sobre a drogadi\u00e7\u00e3o para cerca de 60 jovens, com idade de 18 a 24 anos, que participam do Programa de Qualifica\u00e7\u00e3o de Aprendizagem da Institui\u00e7\u00e3o Novo Amanhecer \u201cGuiomar C.A. da Silva, em Dracena (SP).<br \/>\nO evento, que aconteceu no audit\u00f3rio \u201cArlindo Vieira\u201d da institui\u00e7\u00e3o, teve por objetivo demonstrar a problem\u00e1tica das drogas, a partir do alerta e conscientiza\u00e7\u00e3o sobre os malef\u00edcios resultantes do consumo indevido de subst\u00e2ncias psicoativas, destacando a import\u00e2ncia da preven\u00e7\u00e3o.<br \/>\nAtendendo \u00e0 solicita\u00e7\u00e3o feita pela Assistente Social, Francine Santos, a palestra foi ministrada pelo Agente Policial Reginaldo Rosa, que utilizando proje\u00e7\u00e3o de slides discorreu sobre esp\u00e9cies de drogas e seus efeitos no corpo humano. O policial civil tamb\u00e9m destacou sobre a import\u00e2ncia da preven\u00e7\u00e3o prim\u00e1ria, que pode ser feita no \u00e2mbito familiar, e ainda deu \u00eanfase no poder de escolha de cada indiv\u00edduo como forma de evitar a experimenta\u00e7\u00e3o das drogas.<br \/>\nPara Francine Santos, a Assistente Social, o tema abordado na palestra \u00e9 de suma import\u00e2ncia para a forma\u00e7\u00e3o social e profissional dos jovens no programa de qualifica\u00e7\u00e3o. A busca pela conscientiza\u00e7\u00e3o e preven\u00e7\u00e3o \u00e9 vista como uma maneira de proporcionar uma melhor qualidade de vida. Os participantes do evento tamb\u00e9m tiveram a oportunidade de esclarecer eventuais d\u00favidas.<\/p>\n<p><img loading=\"lazy\" decoding=\"async\" class=\"alignnone size-full wp-image-81179\" src=\"https:\/\/jorgezanoni.com.br\/2019\/wp-content\/uploads\/2023\/10\/z-pal-1-Pequeno.jpg\" alt=\"\" width=\"640\" height=\"480\" srcset=\"https:\/\/jorgezanoni.com.br\/2019\/wp-content\/uploads\/2023\/10\/z-pal-1-Pequeno.jpg 640w, https:\/\/jorgezanoni.com.br\/2019\/wp-content\/uploads\/2023\/10\/z-pal-1-Pequeno-300x225.jpg 300w, https:\/\/jorgezanoni.com.br\/2019\/wp-content\/uploads\/2023\/10\/z-pal-1-Pequeno-80x60.jpg 80w, https:\/\/jorgezanoni.com.br\/2019\/wp-content\/uploads\/2023\/10\/z-pal-1-Pequeno-265x198.jpg 265w, https:\/\/jorgezanoni.com.br\/2019\/wp-content\/uploads\/2023\/10\/z-pal-1-Pequeno-560x420.jpg 560w\" sizes=\"auto, (max-width: 640px) 100vw, 640px\" \/><\/p>\n<p>Fonte: Com. Social Pol\u00edcia Civil<\/p>\n","protected":false},"excerpt":{"rendered":"<p>A Pol\u00edcia Civil, por interm\u00e9dio da Delegacia Seccional de Pol\u00edcia de Dracena, nesta ter\u00e7a-feira (3), realizou palestra preventiva sobre a drogadi\u00e7\u00e3o para cerca de 60 jovens, com idade de 18 a 24 anos, que participam do Programa de Qualifica\u00e7\u00e3o de Aprendizagem da Institui\u00e7\u00e3o Novo Amanhecer \u201cGuiomar C.A. da Silva, em Dracena (SP). O evento, que [&hellip;]<\/p>\n","protected":false},"author":1,"featured_media":81180,"comment_status":"closed","ping_status":"open","sticky":false,"template":"","format":"standard","meta":{"footnotes":""},"categories":[110,2],"tags":[],"class_list":["post-81178","post","type-post","status-publish","format-standard","has-post-thumbnail","hentry","category-noticiasdestaque","category-policial"],"_links":{"self":[{"href":"https:\/\/jorgezanoni.com.br\/2019\/wp-json\/wp\/v2\/posts\/81178","targetHints":{"allow":["GET"]}}],"collection":[{"href":"https:\/\/jorgezanoni.com.br\/2019\/wp-json\/wp\/v2\/posts"}],"about":[{"href":"https:\/\/jorgezanoni.com.br\/2019\/wp-json\/wp\/v2\/types\/post"}],"author":[{"embeddable":true,"href":"https:\/\/jorgezanoni.com.br\/2019\/wp-json\/wp\/v2\/users\/1"}],"replies":[{"embeddable":true,"href":"https:\/\/jorgezanoni.com.br\/2019\/wp-json\/wp\/v2\/comments?post=81178"}],"version-history":[{"count":2,"href":"https:\/\/jorgezanoni.com.br\/2019\/wp-json\/wp\/v2\/posts\/81178\/revisions"}],"predecessor-version":[{"id":81182,"href":"https:\/\/jorgezanoni.com.br\/2019\/wp-json\/wp\/v2\/posts\/81178\/revisions\/81182"}],"wp:featuredmedia":[{"embeddable":true,"href":"https:\/\/jorgezanoni.com.br\/2019\/wp-json\/wp\/v2\/media\/81180"}],"wp:attachment":[{"href":"https:\/\/jorgezanoni.com.br\/2019\/wp-json\/wp\/v2\/media?parent=81178"}],"wp:term":[{"taxonomy":"category","embeddable":true,"href":"https:\/\/jorgezanoni.com.br\/2019\/wp-json\/wp\/v2\/categories?post=81178"},{"taxonomy":"post_tag","embeddable":true,"href":"https:\/\/jorgezanoni.com.br\/2019\/wp-json\/wp\/v2\/tags?post=81178"}],"curies":[{"name":"wp","href":"https:\/\/api.w.org\/{rel}","templated":true}]}}