{"id":81175,"date":"2023-10-04T16:42:15","date_gmt":"2023-10-04T16:42:15","guid":{"rendered":"https:\/\/jorgezanoni.com.br\/2019\/?p=81175"},"modified":"2023-10-04T16:42:15","modified_gmt":"2023-10-04T16:42:15","slug":"policia-civil-faz-alerta-a-populacao-sobre-crimes-e-maus-tratos-contra-animais-em-panorama","status":"publish","type":"post","link":"https:\/\/jorgezanoni.com.br\/2019\/policia-civil-faz-alerta-a-populacao-sobre-crimes-e-maus-tratos-contra-animais-em-panorama\/","title":{"rendered":"Pol\u00edcia Civil faz alerta a popula\u00e7\u00e3o sobre crimes e maus tratos contra animais em Panorama"},"content":{"rendered":"<p style=\"text-align: justify;\">A Pol\u00edcia Civil, por meio da Delegacia de Pol\u00edcia de Panorama, emitiu um alerta \u00e0 popula\u00e7\u00e3o panoramense nesta quarta-feira (4), destacando casos de maus tratos contra animais, especialmente direcionados a c\u00e3es e gatos. O alerta coincide com a celebra\u00e7\u00e3o do Dia de S\u00e3o Francisco de Assis, considerado o santo protetor dos animais e padroeiro da ecologia.<\/p>\n<p style=\"text-align: justify;\">Em decorr\u00eancia da investiga\u00e7\u00e3o de supostas den\u00fancias envolvendo maus tratos a animais dom\u00e9sticos, em especial c\u00e3es e gatos, na cidade de Panorama (SP), a Pol\u00edcia Civil esclarece que, comprovada a pr\u00e1tica do crime de maus tratos e identificada a autoria, a pessoa poder\u00e1 ser responsabilizada criminalmente. O crime prev\u00ea uma pena de dois a cinco anos de reclus\u00e3o, podendo resultar em pris\u00e3o em flagrante delito. Os maus tratos incluem situa\u00e7\u00f5es de agress\u00f5es, envenenamento e neglig\u00eancia alimentar ou h\u00eddrica.<\/p>\n<p style=\"text-align: justify;\">Den\u00fancia: Para denunciar casos de maus tratos contra animais, a popula\u00e7\u00e3o pode entrar em contato com a Pol\u00edcia Civil pelo n\u00famero 197 ou utilizar o Disque-Den\u00fancia 181. O sigilo e anonimato dos denunciantes s\u00e3o garantidos.<\/p>\n<p>Fonte: Com. Social Pol\u00edcia Civil<\/p>\n","protected":false},"excerpt":{"rendered":"<p>A Pol\u00edcia Civil, por meio da Delegacia de Pol\u00edcia de Panorama, emitiu um alerta \u00e0 popula\u00e7\u00e3o panoramense nesta quarta-feira (4), destacando casos de maus tratos contra animais, especialmente direcionados a c\u00e3es e gatos. O alerta coincide com a celebra\u00e7\u00e3o do Dia de S\u00e3o Francisco de Assis, considerado o santo protetor dos animais e padroeiro da [&hellip;]<\/p>\n","protected":false},"author":1,"featured_media":81176,"comment_status":"closed","ping_status":"open","sticky":false,"template":"","format":"standard","meta":{"footnotes":""},"categories":[110,2],"tags":[],"class_list":["post-81175","post","type-post","status-publish","format-standard","has-post-thumbnail","hentry","category-noticiasdestaque","category-policial"],"_links":{"self":[{"href":"https:\/\/jorgezanoni.com.br\/2019\/wp-json\/wp\/v2\/posts\/81175","targetHints":{"allow":["GET"]}}],"collection":[{"href":"https:\/\/jorgezanoni.com.br\/2019\/wp-json\/wp\/v2\/posts"}],"about":[{"href":"https:\/\/jorgezanoni.com.br\/2019\/wp-json\/wp\/v2\/types\/post"}],"author":[{"embeddable":true,"href":"https:\/\/jorgezanoni.com.br\/2019\/wp-json\/wp\/v2\/users\/1"}],"replies":[{"embeddable":true,"href":"https:\/\/jorgezanoni.com.br\/2019\/wp-json\/wp\/v2\/comments?post=81175"}],"version-history":[{"count":1,"href":"https:\/\/jorgezanoni.com.br\/2019\/wp-json\/wp\/v2\/posts\/81175\/revisions"}],"predecessor-version":[{"id":81177,"href":"https:\/\/jorgezanoni.com.br\/2019\/wp-json\/wp\/v2\/posts\/81175\/revisions\/81177"}],"wp:featuredmedia":[{"embeddable":true,"href":"https:\/\/jorgezanoni.com.br\/2019\/wp-json\/wp\/v2\/media\/81176"}],"wp:attachment":[{"href":"https:\/\/jorgezanoni.com.br\/2019\/wp-json\/wp\/v2\/media?parent=81175"}],"wp:term":[{"taxonomy":"category","embeddable":true,"href":"https:\/\/jorgezanoni.com.br\/2019\/wp-json\/wp\/v2\/categories?post=81175"},{"taxonomy":"post_tag","embeddable":true,"href":"https:\/\/jorgezanoni.com.br\/2019\/wp-json\/wp\/v2\/tags?post=81175"}],"curies":[{"name":"wp","href":"https:\/\/api.w.org\/{rel}","templated":true}]}}