{"id":81163,"date":"2023-10-04T00:56:01","date_gmt":"2023-10-04T00:56:01","guid":{"rendered":"https:\/\/jorgezanoni.com.br\/2019\/?p=81163"},"modified":"2023-10-04T00:56:01","modified_gmt":"2023-10-04T00:56:01","slug":"carro-e-abandonado-apos-capotamento-na-sp-294","status":"publish","type":"post","link":"https:\/\/jorgezanoni.com.br\/2019\/carro-e-abandonado-apos-capotamento-na-sp-294\/","title":{"rendered":"Carro \u00e9 abandonado ap\u00f3s capotamento na SP-294"},"content":{"rendered":"<p style=\"text-align: justify;\"><em><strong>Um rapaz de 22 anos teria sido levado por indiv\u00edduos em um ve\u00edculo com as mesmas caracter\u00edsticas momentos antes do acidente.<\/strong><br \/>\n<\/em><br \/>\nUm ve\u00edculo Prisma, com placas de Santa Mercedes, foi abandonado ap\u00f3s capotar por volta das 14h10 desta ter\u00e7a-feira (3), no km 641 da SP-294, em Dracena.<\/p>\n<p style=\"text-align: justify;\">Conforme as primeiras informa\u00e7\u00f5es obtidas pelo jornalismo Folha Regional, uma viatura da Pol\u00edcia Militar que se deslocava pela rodovia, se deparou com o acidente e ao verificar, n\u00e3o localizou nenhuma pessoa ou v\u00edtima no local.<\/p>\n<p style=\"text-align: justify;\">Equipes da Pol\u00edcia Rodovi\u00e1ria tamb\u00e9m teriam feito contato com unidades de sa\u00fade, por\u00e9m, at\u00e9 o momento da postagem desta not\u00edcia, nenhum ferido teria dado entrada para atendimento nas mesmas.<\/p>\n<p style=\"text-align: justify;\">Foram realizadas buscas, por\u00e9m, nada de il\u00edcito foi encontrado no interior do ve\u00edculo.<br \/>\n<strong><br \/>\nACIDENTE PODE TER LIGA\u00c7\u00c3O COM OCORR\u00caNCIA ANTERIOR<\/strong><\/p>\n<p style=\"text-align: justify;\">Tamb\u00e9m foi apurado pelo jornalismo Folha Regional, que o ve\u00edculo capotado pode ter liga\u00e7\u00e3o com ocorr\u00eancia anterior por Santa Mercedes, onde uma mulher teria acionado a Pol\u00edcia Militar, informando que seu filho, de 22 anos, havia sido levado por indiv\u00edduos em um GM Prisma de cor prata; carro este com as mesmas caracter\u00edsticas do que capotou.<\/p>\n<p style=\"text-align: justify;\">A ocorr\u00eancia segue em andamento os trabalhos das pol\u00edcias Militar e Rodovi\u00e1ria. O caso tamb\u00e9m ser\u00e1 investigado pela Pol\u00edcia Civil.<\/p>\n<p style=\"text-align: justify;\">Nossa reportagem segue acompanhando a ocorr\u00eancia e mais informa\u00e7\u00f5es, bem como a edi\u00e7\u00e3o deste conte\u00fado, poder\u00e3o ocorrer a qualquer momento.<\/p>\n<p>Fonte: Folha Regional<\/p>\n","protected":false},"excerpt":{"rendered":"<p>Um rapaz de 22 anos teria sido levado por indiv\u00edduos em um ve\u00edculo com as mesmas caracter\u00edsticas momentos antes do acidente. Um ve\u00edculo Prisma, com placas de Santa Mercedes, foi abandonado ap\u00f3s capotar por volta das 14h10 desta ter\u00e7a-feira (3), no km 641 da SP-294, em Dracena. Conforme as primeiras informa\u00e7\u00f5es obtidas pelo jornalismo Folha [&hellip;]<\/p>\n","protected":false},"author":1,"featured_media":81164,"comment_status":"closed","ping_status":"open","sticky":false,"template":"","format":"standard","meta":{"footnotes":""},"categories":[170,110],"tags":[],"class_list":["post-81163","post","type-post","status-publish","format-standard","has-post-thumbnail","hentry","category-acidentes","category-noticiasdestaque"],"_links":{"self":[{"href":"https:\/\/jorgezanoni.com.br\/2019\/wp-json\/wp\/v2\/posts\/81163","targetHints":{"allow":["GET"]}}],"collection":[{"href":"https:\/\/jorgezanoni.com.br\/2019\/wp-json\/wp\/v2\/posts"}],"about":[{"href":"https:\/\/jorgezanoni.com.br\/2019\/wp-json\/wp\/v2\/types\/post"}],"author":[{"embeddable":true,"href":"https:\/\/jorgezanoni.com.br\/2019\/wp-json\/wp\/v2\/users\/1"}],"replies":[{"embeddable":true,"href":"https:\/\/jorgezanoni.com.br\/2019\/wp-json\/wp\/v2\/comments?post=81163"}],"version-history":[{"count":1,"href":"https:\/\/jorgezanoni.com.br\/2019\/wp-json\/wp\/v2\/posts\/81163\/revisions"}],"predecessor-version":[{"id":81165,"href":"https:\/\/jorgezanoni.com.br\/2019\/wp-json\/wp\/v2\/posts\/81163\/revisions\/81165"}],"wp:featuredmedia":[{"embeddable":true,"href":"https:\/\/jorgezanoni.com.br\/2019\/wp-json\/wp\/v2\/media\/81164"}],"wp:attachment":[{"href":"https:\/\/jorgezanoni.com.br\/2019\/wp-json\/wp\/v2\/media?parent=81163"}],"wp:term":[{"taxonomy":"category","embeddable":true,"href":"https:\/\/jorgezanoni.com.br\/2019\/wp-json\/wp\/v2\/categories?post=81163"},{"taxonomy":"post_tag","embeddable":true,"href":"https:\/\/jorgezanoni.com.br\/2019\/wp-json\/wp\/v2\/tags?post=81163"}],"curies":[{"name":"wp","href":"https:\/\/api.w.org\/{rel}","templated":true}]}}