{"id":81160,"date":"2023-10-04T00:40:59","date_gmt":"2023-10-04T00:40:59","guid":{"rendered":"https:\/\/jorgezanoni.com.br\/2019\/?p=81160"},"modified":"2023-10-04T00:40:59","modified_gmt":"2023-10-04T00:40:59","slug":"sicredi-e-a-melhor-empresa-em-ranking-setorial-do-epoca-negocios-360o","status":"publish","type":"post","link":"https:\/\/jorgezanoni.com.br\/2019\/sicredi-e-a-melhor-empresa-em-ranking-setorial-do-epoca-negocios-360o\/","title":{"rendered":"Sicredi \u00e9 a melhor empresa em ranking setorial do \u00c9poca NEG\u00d3CIOS 360\u00ba"},"content":{"rendered":"<p style=\"text-align: justify;\" align=\"center\"><strong><i>Institui\u00e7\u00e3o financeira cooperativa ficou em 1\u00ba lugar no setor Institui\u00e7\u00f5es Financeiras\/Bancos.<\/i><\/strong><\/p>\n<p style=\"text-align: justify;\">O Sicredi conquistou a primeira posi\u00e7\u00e3o no ranking de Institui\u00e7\u00f5es Financeiras\/Bancos do Anu\u00e1rio \u00c9poca NEG\u00d3CIOS 360\u00ba, divulgado nesta segunda-feira (25). Em sua 12\u00aa edi\u00e7\u00e3o, o ranking reconheceu 410 empresas de 24 setores, considerando o desempenho em seis desafios &#8211; Inova\u00e7\u00e3o, Vis\u00e3o de Futuro, Socioambiental, Governan\u00e7a, Pessoas e Desempenho Financeiro. Al\u00e9m da primeira coloca\u00e7\u00e3o no ranking setorial, o Sicredi tamb\u00e9m ficou em 12\u00ba lugar no ranking geral que reconheceu as 30 melhores empresas de todo o Brasil.<\/p>\n<p style=\"text-align: justify;\">&#8220;Estamos crescendo de maneira vigorosa, consistente e sustent\u00e1vel, mantendo um alto n\u00edvel de satisfa\u00e7\u00e3o dos nossos associados e gerando impacto positivo. \u00c9 um orgulho termos esse resultado em um ranking que considera n\u00e3o apenas nosso desempenho financeiro, como tamb\u00e9m os fatores de inova\u00e7\u00e3o, vis\u00e3o de futuro, quest\u00f5es socioambientais e de governan\u00e7a, al\u00e9m de pessoas. Isso \u00e9 reflexo do trabalho realizado pelos mais de 40 mil colaboradores, que atuam juntos para melhorar a vida de nossos associados em todo o Brasil&#8221;, afirma C\u00e9sar Bochi, diretor presidente do Banco Cooperativo Sicredi.<\/p>\n<p style=\"text-align: justify;\">O diretor presidente recebeu o reconhecimento em cerim\u00f4nia realizada em S\u00e3o Paulo, acompanhado da diretora executiva de Marketing e Experi\u00eancia do Sicredi, Cris Duclos. Tamb\u00e9m participaram a gerente de uma das ag\u00eancias do Sicredi, Roselene Alves dos Santos Ferreira, que representou as mais de 40 mil pessoas colaboradoras da institui\u00e7\u00e3o, e Maur\u00edcio Piona, associado ao Sicredi h\u00e1 quase 10 anos, representando os mais de 7 milh\u00f5es de associados.<\/p>\n<p style=\"text-align: justify;\">Promovido pela revista \u00c9poca Neg\u00f3cios em parceria com a Funda\u00e7\u00e3o Dom Cabral, a premia\u00e7\u00e3o reconheceu empresas com faturamento superior a R$ 200 milh\u00f5es anuais em territ\u00f3rio nacional. O ranking \u00e9 elaborado com base nos question\u00e1rios enviados pelas empresas e na an\u00e1lise dos balan\u00e7os financeiros.<\/p>\n<p style=\"text-align: justify;\"><em><b>Sobre o Sicredi<\/b><\/em><em>\u00a0\u00a0<\/em><\/p>\n<p class=\"v1MsoNormal\" style=\"text-align: justify;\"><i>O Sicredi \u00e9 uma institui\u00e7\u00e3o financeira cooperativa comprometida com o crescimento de seus associados e com o desenvolvimento das regi\u00f5es onde atua. Possui um modelo de gest\u00e3o que valoriza a participa\u00e7\u00e3o dos mais de 7 milh\u00f5es de associados, que exercem o papel de donos do neg\u00f3cio. Com mais de 2.500 ag\u00eancias, o Sicredi est\u00e1 presente fisicamente em todos os estados brasileiros e no Distrito Federal, disponibilizando uma gama completa de solu\u00e7\u00f5es financeiras e n\u00e3o financeiras.<\/i><\/p>\n<p class=\"v1MsoNormal\"><b><i>Site do Sicredi:\u00a0<a href=\"http:\/\/www.sicredi.com.br\/\" target=\"_blank\" rel=\"noopener noreferrer\">www.sicredi.com.br<\/a><\/i><\/b><\/p>\n<p class=\"v1MsoNormal\"><b><i>Redes Sociais:\u00a0<\/i><\/b><em><b><u><span lang=\"EN-US\"><a href=\"http:\/\/www.facebook.com\/sicredicentrooestepaulista\" target=\"_blank\" rel=\"noopener noreferrer\"><i><span lang=\"PT-BR\">Facebook<\/span><\/i><\/a><\/span><\/u><\/b><\/em><em>\u00a0|<\/em>\u00a0<em><b><u><span lang=\"EN-US\"><a href=\"https:\/\/www.linkedin.com\/company\/sicredi-centro-oeste-paulista\/\" target=\"_blank\" rel=\"noopener noreferrer\"><i><span lang=\"PT-BR\">LinkedIn<\/span><\/i><\/a><\/span><\/u><\/b><\/em><em>\u00a0|<\/em>\u00a0<em><b><u><span lang=\"EN-US\"><a href=\"http:\/\/www.youtube.com\/sicredicentrooestepaulista\" target=\"_blank\" rel=\"noopener noreferrer\"><i><span lang=\"PT-BR\">YouTube<\/span><\/i><\/a><\/span><\/u><\/b><\/em><span lang=\"EN-US\">\u00a0<\/span><em>|\u00a0<\/em><em><b><u><span lang=\"EN-US\"><a href=\"http:\/\/www.instagram.com\/sicredicentrooestepaulista\" target=\"_blank\" rel=\"noopener noreferrer\"><i><span lang=\"PT-BR\">Instagram<\/span><\/i><\/a><\/span><\/u><\/b><\/em><\/p>\n<p style=\"text-align: justify;\">CAPA: O diretor presidente do Banco Cooperativo Sicredi, C\u00e9sar Bochi, recebeu o reconhecimento em cerim\u00f4nia realizada em S\u00e3o Paulo<br \/>\n<i>Cr\u00e9dito: Flavio Santana\/Sicredi<\/i><\/p>\n<p>Fonte: Comunica\u00e7\u00e3o e Marketing<\/p>\n","protected":false},"excerpt":{"rendered":"<p>Institui\u00e7\u00e3o financeira cooperativa ficou em 1\u00ba lugar no setor Institui\u00e7\u00f5es Financeiras\/Bancos. O Sicredi conquistou a primeira posi\u00e7\u00e3o no ranking de Institui\u00e7\u00f5es Financeiras\/Bancos do Anu\u00e1rio \u00c9poca NEG\u00d3CIOS 360\u00ba, divulgado nesta segunda-feira (25). Em sua 12\u00aa edi\u00e7\u00e3o, o ranking reconheceu 410 empresas de 24 setores, considerando o desempenho em seis desafios &#8211; Inova\u00e7\u00e3o, Vis\u00e3o de Futuro, Socioambiental, [&hellip;]<\/p>\n","protected":false},"author":1,"featured_media":81161,"comment_status":"closed","ping_status":"open","sticky":false,"template":"","format":"standard","meta":{"footnotes":""},"categories":[110,116],"tags":[],"class_list":["post-81160","post","type-post","status-publish","format-standard","has-post-thumbnail","hentry","category-noticiasdestaque","category-politicaeeconomia"],"_links":{"self":[{"href":"https:\/\/jorgezanoni.com.br\/2019\/wp-json\/wp\/v2\/posts\/81160","targetHints":{"allow":["GET"]}}],"collection":[{"href":"https:\/\/jorgezanoni.com.br\/2019\/wp-json\/wp\/v2\/posts"}],"about":[{"href":"https:\/\/jorgezanoni.com.br\/2019\/wp-json\/wp\/v2\/types\/post"}],"author":[{"embeddable":true,"href":"https:\/\/jorgezanoni.com.br\/2019\/wp-json\/wp\/v2\/users\/1"}],"replies":[{"embeddable":true,"href":"https:\/\/jorgezanoni.com.br\/2019\/wp-json\/wp\/v2\/comments?post=81160"}],"version-history":[{"count":1,"href":"https:\/\/jorgezanoni.com.br\/2019\/wp-json\/wp\/v2\/posts\/81160\/revisions"}],"predecessor-version":[{"id":81162,"href":"https:\/\/jorgezanoni.com.br\/2019\/wp-json\/wp\/v2\/posts\/81160\/revisions\/81162"}],"wp:featuredmedia":[{"embeddable":true,"href":"https:\/\/jorgezanoni.com.br\/2019\/wp-json\/wp\/v2\/media\/81161"}],"wp:attachment":[{"href":"https:\/\/jorgezanoni.com.br\/2019\/wp-json\/wp\/v2\/media?parent=81160"}],"wp:term":[{"taxonomy":"category","embeddable":true,"href":"https:\/\/jorgezanoni.com.br\/2019\/wp-json\/wp\/v2\/categories?post=81160"},{"taxonomy":"post_tag","embeddable":true,"href":"https:\/\/jorgezanoni.com.br\/2019\/wp-json\/wp\/v2\/tags?post=81160"}],"curies":[{"name":"wp","href":"https:\/\/api.w.org\/{rel}","templated":true}]}}