{"id":81084,"date":"2023-09-30T14:54:56","date_gmt":"2023-09-30T14:54:56","guid":{"rendered":"https:\/\/jorgezanoni.com.br\/2019\/?p=81084"},"modified":"2023-09-30T14:54:56","modified_gmt":"2023-09-30T14:54:56","slug":"policia-civil-recupera-bicicleta-e-identifica-tres-adolescentes-suspeitos-de-terem-cometido-o-furto-em-panorama","status":"publish","type":"post","link":"https:\/\/jorgezanoni.com.br\/2019\/policia-civil-recupera-bicicleta-e-identifica-tres-adolescentes-suspeitos-de-terem-cometido-o-furto-em-panorama\/","title":{"rendered":"Pol\u00edcia Civil recupera bicicleta e identifica tr\u00eas adolescentes suspeitos de terem cometido o furto em Panorama"},"content":{"rendered":"<p style=\"text-align: justify;\">A Pol\u00edcia Civil, por interm\u00e9dio da Delegacia de Pol\u00edcia de Panorama, recuperou nesta quinta-feira (28), a bicicleta na cor branca, aro 26, de propriedade de uma servidora municipal, de 27 anos, da cidade de Panorama (SP). A bicicleta havia sido furtada na \u00faltima segunda-feira (25), por meio de arrombamento de uma porta que d\u00e1 acesso a sala de administra\u00e7\u00e3o do Balne\u00e1rio Municipal, local de trabalho da servidora.<\/p>\n<p style=\"text-align: justify;\">Assim que teve not\u00edcias do furto, a Pol\u00edcia Civil iniciou as investiga\u00e7\u00f5es, visando a apura\u00e7\u00e3o do fato e tamb\u00e9m recuperar o bem subtra\u00eddo. Durante as dilig\u00eancias os agentes identificaram tr\u00eas adolescentes de terem participado da a\u00e7\u00e3o de arrombamento do pr\u00e9dio p\u00fablico e da subtra\u00e7\u00e3o da bicicleta. A Pol\u00edcia Civil tamb\u00e9m conseguiu apurar que os infratores j\u00e1 tinham pintado a bicicleta na cor amarela, para tentar dificultar o poss\u00edvel reconhecimento da v\u00edtima e que tais adolescentes tinham escondido a bicicleta em uma \u00e1rea de vegeta\u00e7\u00e3o.<\/p>\n<p>Ato continuo, os policiais civis localizaram dois dos infratores suspeitos, sendo que um deles, apontou aos policiais o exato local onde havia escondido a referida bicicleta furtada. A bicicleta ent\u00e3o foi localizada pr\u00f3ximo \u00e0 margem do Rio Paran\u00e1, em \u00e1rea de vegeta\u00e7\u00e3o de dif\u00edcil acesso.<\/p>\n<p style=\"text-align: justify;\">A bicicleta foi apreendida e restitu\u00edda a v\u00edtima. Os menores infratores identificados poder\u00e3o responder a procedimento de ato infracional an\u00e1logo ao crime de furto qualificado, e que ap\u00f3s finalizado os atos de pol\u00edcia judici\u00e1ria ser\u00e3o rementidos para aprecia\u00e7\u00e3o do Juizado da Inf\u00e2ncia e Juventude.<\/p>\n<p style=\"text-align: justify;\">\u00a0<img loading=\"lazy\" decoding=\"async\" class=\"alignnone size-full wp-image-81086\" src=\"https:\/\/jorgezanoni.com.br\/2019\/wp-content\/uploads\/2023\/09\/bike1.jpg\" alt=\"\" width=\"1280\" height=\"960\" srcset=\"https:\/\/jorgezanoni.com.br\/2019\/wp-content\/uploads\/2023\/09\/bike1.jpg 1280w, https:\/\/jorgezanoni.com.br\/2019\/wp-content\/uploads\/2023\/09\/bike1-300x225.jpg 300w, https:\/\/jorgezanoni.com.br\/2019\/wp-content\/uploads\/2023\/09\/bike1-1024x768.jpg 1024w, https:\/\/jorgezanoni.com.br\/2019\/wp-content\/uploads\/2023\/09\/bike1-768x576.jpg 768w, https:\/\/jorgezanoni.com.br\/2019\/wp-content\/uploads\/2023\/09\/bike1-80x60.jpg 80w, https:\/\/jorgezanoni.com.br\/2019\/wp-content\/uploads\/2023\/09\/bike1-265x198.jpg 265w, https:\/\/jorgezanoni.com.br\/2019\/wp-content\/uploads\/2023\/09\/bike1-696x522.jpg 696w, https:\/\/jorgezanoni.com.br\/2019\/wp-content\/uploads\/2023\/09\/bike1-1068x801.jpg 1068w, https:\/\/jorgezanoni.com.br\/2019\/wp-content\/uploads\/2023\/09\/bike1-560x420.jpg 560w\" sizes=\"auto, (max-width: 1280px) 100vw, 1280px\" \/><\/p>\n<p style=\"text-align: justify;\">Fonte: Com. Social Pol\u00edcia Civil<\/p>\n","protected":false},"excerpt":{"rendered":"<p>A Pol\u00edcia Civil, por interm\u00e9dio da Delegacia de Pol\u00edcia de Panorama, recuperou nesta quinta-feira (28), a bicicleta na cor branca, aro 26, de propriedade de uma servidora municipal, de 27 anos, da cidade de Panorama (SP). A bicicleta havia sido furtada na \u00faltima segunda-feira (25), por meio de arrombamento de uma porta que d\u00e1 acesso [&hellip;]<\/p>\n","protected":false},"author":1,"featured_media":81085,"comment_status":"closed","ping_status":"open","sticky":false,"template":"","format":"standard","meta":{"footnotes":""},"categories":[110,2],"tags":[],"class_list":["post-81084","post","type-post","status-publish","format-standard","has-post-thumbnail","hentry","category-noticiasdestaque","category-policial"],"_links":{"self":[{"href":"https:\/\/jorgezanoni.com.br\/2019\/wp-json\/wp\/v2\/posts\/81084","targetHints":{"allow":["GET"]}}],"collection":[{"href":"https:\/\/jorgezanoni.com.br\/2019\/wp-json\/wp\/v2\/posts"}],"about":[{"href":"https:\/\/jorgezanoni.com.br\/2019\/wp-json\/wp\/v2\/types\/post"}],"author":[{"embeddable":true,"href":"https:\/\/jorgezanoni.com.br\/2019\/wp-json\/wp\/v2\/users\/1"}],"replies":[{"embeddable":true,"href":"https:\/\/jorgezanoni.com.br\/2019\/wp-json\/wp\/v2\/comments?post=81084"}],"version-history":[{"count":1,"href":"https:\/\/jorgezanoni.com.br\/2019\/wp-json\/wp\/v2\/posts\/81084\/revisions"}],"predecessor-version":[{"id":81087,"href":"https:\/\/jorgezanoni.com.br\/2019\/wp-json\/wp\/v2\/posts\/81084\/revisions\/81087"}],"wp:featuredmedia":[{"embeddable":true,"href":"https:\/\/jorgezanoni.com.br\/2019\/wp-json\/wp\/v2\/media\/81085"}],"wp:attachment":[{"href":"https:\/\/jorgezanoni.com.br\/2019\/wp-json\/wp\/v2\/media?parent=81084"}],"wp:term":[{"taxonomy":"category","embeddable":true,"href":"https:\/\/jorgezanoni.com.br\/2019\/wp-json\/wp\/v2\/categories?post=81084"},{"taxonomy":"post_tag","embeddable":true,"href":"https:\/\/jorgezanoni.com.br\/2019\/wp-json\/wp\/v2\/tags?post=81084"}],"curies":[{"name":"wp","href":"https:\/\/api.w.org\/{rel}","templated":true}]}}