{"id":81059,"date":"2023-09-30T13:32:59","date_gmt":"2023-09-30T13:32:59","guid":{"rendered":"https:\/\/jorgezanoni.com.br\/2019\/?p=81059"},"modified":"2023-09-30T13:32:59","modified_gmt":"2023-09-30T13:32:59","slug":"policia-militar-captura-procurado-da-justica-e-localiza-drogas-em-dracena","status":"publish","type":"post","link":"https:\/\/jorgezanoni.com.br\/2019\/policia-militar-captura-procurado-da-justica-e-localiza-drogas-em-dracena\/","title":{"rendered":"Pol\u00edcia Militar captura procurado da Justi\u00e7a e localiza Drogas em Dracena"},"content":{"rendered":"<p style=\"text-align: justify;\"><strong>Individios masculino de 24 e 18 anos e feminino de 25 anos. Apreendidos:\u00a0Apreens\u00f5es: <\/strong><strong>\u2022 0,028 kg de maconha<\/strong>.<\/p>\n<p style=\"text-align: justify;\">Na data de quinta-feira (28) por volta 19h40min durante patrulhamento de For\u00e7a T\u00e1tica pelo munic\u00edpio de Dracena com informa\u00e7\u00f5es de um poss\u00edvel procurado pelo bairro Florindo Tabachi. as equipes localizaram o mesmo e durante abordagem dois indiv\u00edduos investiram contra a a\u00e7\u00e3o policial sendo imediatamente contidos. ap\u00f3s busca pessoal foi localizada drogas nos pertences de uma das partes. Conduzidas as partes ao Plant\u00e3o de Pol\u00edcia Judici\u00e1ria em Dracena. Procurado permaneceu a disposi\u00e7\u00e3o da Justi\u00e7a as outras duas partes foram ouvidas e liberadas.<\/p>\n<p>Fonte: Com. Social Pol\u00edcia Militar<\/p>\n","protected":false},"excerpt":{"rendered":"<p>Individios masculino de 24 e 18 anos e feminino de 25 anos. Apreendidos:\u00a0Apreens\u00f5es: \u2022 0,028 kg de maconha. Na data de quinta-feira (28) por volta 19h40min durante patrulhamento de For\u00e7a T\u00e1tica pelo munic\u00edpio de Dracena com informa\u00e7\u00f5es de um poss\u00edvel procurado pelo bairro Florindo Tabachi. as equipes localizaram o mesmo e durante abordagem dois indiv\u00edduos [&hellip;]<\/p>\n","protected":false},"author":1,"featured_media":81060,"comment_status":"closed","ping_status":"open","sticky":false,"template":"","format":"standard","meta":{"footnotes":""},"categories":[110,2],"tags":[],"class_list":["post-81059","post","type-post","status-publish","format-standard","has-post-thumbnail","hentry","category-noticiasdestaque","category-policial"],"_links":{"self":[{"href":"https:\/\/jorgezanoni.com.br\/2019\/wp-json\/wp\/v2\/posts\/81059","targetHints":{"allow":["GET"]}}],"collection":[{"href":"https:\/\/jorgezanoni.com.br\/2019\/wp-json\/wp\/v2\/posts"}],"about":[{"href":"https:\/\/jorgezanoni.com.br\/2019\/wp-json\/wp\/v2\/types\/post"}],"author":[{"embeddable":true,"href":"https:\/\/jorgezanoni.com.br\/2019\/wp-json\/wp\/v2\/users\/1"}],"replies":[{"embeddable":true,"href":"https:\/\/jorgezanoni.com.br\/2019\/wp-json\/wp\/v2\/comments?post=81059"}],"version-history":[{"count":1,"href":"https:\/\/jorgezanoni.com.br\/2019\/wp-json\/wp\/v2\/posts\/81059\/revisions"}],"predecessor-version":[{"id":81061,"href":"https:\/\/jorgezanoni.com.br\/2019\/wp-json\/wp\/v2\/posts\/81059\/revisions\/81061"}],"wp:featuredmedia":[{"embeddable":true,"href":"https:\/\/jorgezanoni.com.br\/2019\/wp-json\/wp\/v2\/media\/81060"}],"wp:attachment":[{"href":"https:\/\/jorgezanoni.com.br\/2019\/wp-json\/wp\/v2\/media?parent=81059"}],"wp:term":[{"taxonomy":"category","embeddable":true,"href":"https:\/\/jorgezanoni.com.br\/2019\/wp-json\/wp\/v2\/categories?post=81059"},{"taxonomy":"post_tag","embeddable":true,"href":"https:\/\/jorgezanoni.com.br\/2019\/wp-json\/wp\/v2\/tags?post=81059"}],"curies":[{"name":"wp","href":"https:\/\/api.w.org\/{rel}","templated":true}]}}