{"id":81021,"date":"2023-09-28T22:06:31","date_gmt":"2023-09-28T22:06:31","guid":{"rendered":"https:\/\/jorgezanoni.com.br\/2019\/?p=81021"},"modified":"2023-09-28T22:06:31","modified_gmt":"2023-09-28T22:06:31","slug":"neofobia-medo-do-novo-sintomas-causas-e-tratamento-por-cidinha-pascoaloto","status":"publish","type":"post","link":"https:\/\/jorgezanoni.com.br\/2019\/neofobia-medo-do-novo-sintomas-causas-e-tratamento-por-cidinha-pascoaloto\/","title":{"rendered":"Neofobia (medo do novo): sintomas, causas e tratamento (por Cidinha Pascoaloto)"},"content":{"rendered":"<p><strong>Neofobia (medo do novo): sintomas, causas e tratamento<\/strong><\/p>\n<p><strong>Mas o que \u00e9 neofobia?<\/strong><\/p>\n<p style=\"text-align: justify;\">Esse dist\u00farbio \u00e9 caracterizado pela experimenta\u00e7\u00e3o de um medo desproporcional, persistente, irracional e incontrol\u00e1vel de\u00a0todas as situa\u00e7\u00f5es novas e que pensamos n\u00e3o dar conta. Porque tudo que \u00e9 desconhecido para n\u00f3s sempre nos remete ao medo e ficamos nervosos por n\u00e3o saber exatamente o que vai acontecer ou se vai dar certo.\u00a0 Esse sentimento \u00e9 normal e acontece com todas as pessoas, mas temos que tomar cuidado para ele n\u00e3o nos paralisar<\/p>\n<p style=\"text-align: justify;\">\u00a0 O primeiro dia de trabalho ou escola, um lugar desconhecido, realizar uma experi\u00eancia pela primeira vez ou qualquer mudan\u00e7a na rotina habitual gera ansiedade e medo em pessoas com neofobia. Geralmente os pacientes com neofobia s\u00e3o pessoas com rotinas bem estabelecidas e prefer\u00eancias por tudo o que lhes \u00e9 familiar.<\/p>\n<p style=\"text-align: justify;\">\u00a0A neofobia se torna uma prote\u00e7\u00e3o para todas as pessoas que t\u00eam medo de mudan\u00e7as na sua rotina e at\u00e9 mesmo em sua alimenta\u00e7\u00e3o por n\u00e3o querer experimentar o algo novo. Os principais sintomas da neofobia\u00a0s\u00e3o os altos n\u00edveis de ansiedade ao lidar com situa\u00e7\u00f5es temidas ou at\u00e9 mesmo imagin\u00e1rias.<\/p>\n<p style=\"text-align: justify;\">\u00a0Existem v\u00e1rios sintomas relacionados com a neofobia: F\u00edsicos, cognitivo e comportamentais. Os sintomas f\u00edsicos geralmente levam a uma s\u00e9rie de altera\u00e7\u00f5es corporais como aumento da frequ\u00eancia card\u00edaca, respirat\u00f3ria, falta de ar, transpira\u00e7\u00e3o excessiva e muitos outros. Nos sintomas cognitivos a pessoa tem uma forma pessimista de pensar e pratica a autossabotagem causando em si sofrimentos e medos de perder o controle da situa\u00e7\u00e3o. Os sintomas comportamentais est\u00e3o relacionados com a inten\u00e7\u00e3o de evitar ou escapar de todas as situa\u00e7\u00f5es novas e ent\u00e3o ela foge.<\/p>\n<p style=\"text-align: justify;\">\u00a0As causas da neofobia podem estar relacionadas a uma predisposi\u00e7\u00e3o gen\u00e9tica, traumas ou de receber alimentos de forma for\u00e7ada na inf\u00e2ncia. Existem muitos outros fatores que podem predispor a pessoa a desenvolver essa fobia espec\u00edfica. O tratamento deve ser feito com um psic\u00f3logo comportamental que vai auxiliar a pessoa a reconhecer sua forma de pensar, agir e sentir. Fazer terapias nesse caso \u00e9 fundamental.<\/p>\n<p><img loading=\"lazy\" decoding=\"async\" class=\"alignnone size-full wp-image-81022\" src=\"https:\/\/jorgezanoni.com.br\/2019\/wp-content\/uploads\/2023\/09\/Cidinha-Pascoaloto-4.jpg\" alt=\"\" width=\"500\" height=\"755\" srcset=\"https:\/\/jorgezanoni.com.br\/2019\/wp-content\/uploads\/2023\/09\/Cidinha-Pascoaloto-4.jpg 500w, https:\/\/jorgezanoni.com.br\/2019\/wp-content\/uploads\/2023\/09\/Cidinha-Pascoaloto-4-199x300.jpg 199w, https:\/\/jorgezanoni.com.br\/2019\/wp-content\/uploads\/2023\/09\/Cidinha-Pascoaloto-4-278x420.jpg 278w\" sizes=\"auto, (max-width: 500px) 100vw, 500px\" \/>Cidinha Pascoaloto-Psic\u00f3loga-CRP 06\/158174. Atendimentos presenciais e online, contato: (18) 99725-6418<\/p>\n<p>&nbsp;<\/p>\n","protected":false},"excerpt":{"rendered":"<p>Neofobia (medo do novo): sintomas, causas e tratamento Mas o que \u00e9 neofobia? Esse dist\u00farbio \u00e9 caracterizado pela experimenta\u00e7\u00e3o de um medo desproporcional, persistente, irracional e incontrol\u00e1vel de\u00a0todas as situa\u00e7\u00f5es novas e que pensamos n\u00e3o dar conta. Porque tudo que \u00e9 desconhecido para n\u00f3s sempre nos remete ao medo e ficamos nervosos por n\u00e3o saber [&hellip;]<\/p>\n","protected":false},"author":1,"featured_media":81023,"comment_status":"closed","ping_status":"open","sticky":false,"template":"","format":"standard","meta":{"footnotes":""},"categories":[175],"tags":[],"class_list":["post-81021","post","type-post","status-publish","format-standard","has-post-thumbnail","hentry","category-artigos"],"_links":{"self":[{"href":"https:\/\/jorgezanoni.com.br\/2019\/wp-json\/wp\/v2\/posts\/81021","targetHints":{"allow":["GET"]}}],"collection":[{"href":"https:\/\/jorgezanoni.com.br\/2019\/wp-json\/wp\/v2\/posts"}],"about":[{"href":"https:\/\/jorgezanoni.com.br\/2019\/wp-json\/wp\/v2\/types\/post"}],"author":[{"embeddable":true,"href":"https:\/\/jorgezanoni.com.br\/2019\/wp-json\/wp\/v2\/users\/1"}],"replies":[{"embeddable":true,"href":"https:\/\/jorgezanoni.com.br\/2019\/wp-json\/wp\/v2\/comments?post=81021"}],"version-history":[{"count":1,"href":"https:\/\/jorgezanoni.com.br\/2019\/wp-json\/wp\/v2\/posts\/81021\/revisions"}],"predecessor-version":[{"id":81024,"href":"https:\/\/jorgezanoni.com.br\/2019\/wp-json\/wp\/v2\/posts\/81021\/revisions\/81024"}],"wp:featuredmedia":[{"embeddable":true,"href":"https:\/\/jorgezanoni.com.br\/2019\/wp-json\/wp\/v2\/media\/81023"}],"wp:attachment":[{"href":"https:\/\/jorgezanoni.com.br\/2019\/wp-json\/wp\/v2\/media?parent=81021"}],"wp:term":[{"taxonomy":"category","embeddable":true,"href":"https:\/\/jorgezanoni.com.br\/2019\/wp-json\/wp\/v2\/categories?post=81021"},{"taxonomy":"post_tag","embeddable":true,"href":"https:\/\/jorgezanoni.com.br\/2019\/wp-json\/wp\/v2\/tags?post=81021"}],"curies":[{"name":"wp","href":"https:\/\/api.w.org\/{rel}","templated":true}]}}