{"id":8102,"date":"2019-10-08T11:02:45","date_gmt":"2019-10-08T11:02:45","guid":{"rendered":"https:\/\/jorgezanoni.com.br\/2019\/?p=8102"},"modified":"2019-10-08T11:02:45","modified_gmt":"2019-10-08T11:02:45","slug":"comeca-hoje-8-a-feira-das-profissoes-da-fundec","status":"publish","type":"post","link":"https:\/\/jorgezanoni.com.br\/2019\/comeca-hoje-8-a-feira-das-profissoes-da-fundec\/","title":{"rendered":"Come\u00e7a hoje (8) a Feira das Profiss\u00f5es da Fundec"},"content":{"rendered":"<p style=\"font-weight: 400; text-align: justify;\"><strong><em>Unifadra e CEP\/UME ter\u00e3o estandes dos cursos para ajudar o visitante na escolha da profiss\u00e3o.<\/em><\/strong><\/p>\n<p style=\"font-weight: 400; text-align: justify;\">A EDUCA\u00c7\u00c3O MUDA O MUNDO \u00e9 o tema de 2019 da Feira das Profiss\u00f5es. A Fundec investiu em uma feira moderna, com apresenta\u00e7\u00f5es de seus cursos t\u00e9cnicos e superiores, demonstra\u00e7\u00f5es das pr\u00e1ticas profissionais, informa\u00e7\u00f5es e entretenimento para os visitantes.<br \/>\nNOVIDADE: Neste ano, a Unifadra far\u00e1 o sorteio de 10 bolsas de estudo de 50% de desconto para as pessoas que se inscreverem no vestibular pessoalmente no evento (v\u00e1lido para os cursos An\u00e1lise e Desenvolvimento de Sistemas, Artes Visuais, Enfermagem, Educa\u00e7\u00e3o F\u00edsica, Pedagogia, Psicologia, Servi\u00e7o Social, Matem\u00e1tica, Ci\u00eancias Biol\u00f3gicas e Letras).<br \/>\nO evento \u00e9 gratuito e aberto ao p\u00fablico. Os hor\u00e1rios de visita\u00e7\u00e3o s\u00e3o: dia 08\/10 (ter\u00e7a-feira), das 8h \u00e0s 11h e das 19h \u00e0s 22h; e dia 09\/10 (quarta-feira), das 8h \u00e0s 11h. Grupos grandes de escolas dever\u00e3o agendar a visita guiada pelo telefone (18) 3821-9017, com Luana Felippe.<\/p>\n<p style=\"font-weight: 400; text-align: justify;\">O momento de escolher a sua profiss\u00e3o \u00e9 sempre cheio de d\u00favidas e pede uma pesquisa de informa\u00e7\u00f5es sobre mercado de trabalho, \u00e1reas de atua\u00e7\u00e3o e disciplinas do curso. Pensando nisso, a Fundec realizar\u00e1 a sua Feira das Profiss\u00f5es nos dias 8 e 9 de outubro, no Gin\u00e1sio Galen\u00e3o, com uma nova estrutura e cheia de novidades.<\/p>\n<p style=\"font-weight: 400; text-align: justify;\"><strong>Carolina Colnago<\/strong><\/p>\n<p style=\"font-weight: 400; text-align: justify;\">Assessora de Comunica\u00e7\u00e3o da Fundec &#8211; Jornalista<\/p>\n<p style=\"text-align: justify;\">Foto: Estrutura j\u00e1 est\u00e1 sendo montada no Gin\u00e1sio Galen\u00e3o.<\/p>\n","protected":false},"excerpt":{"rendered":"<p>Unifadra e CEP\/UME ter\u00e3o estandes dos cursos para ajudar o visitante na escolha da profiss\u00e3o. A EDUCA\u00c7\u00c3O MUDA O MUNDO \u00e9 o tema de 2019 da Feira das Profiss\u00f5es. A Fundec investiu em uma feira moderna, com apresenta\u00e7\u00f5es de seus cursos t\u00e9cnicos e superiores, demonstra\u00e7\u00f5es das pr\u00e1ticas profissionais, informa\u00e7\u00f5es e entretenimento para os visitantes. NOVIDADE: [&hellip;]<\/p>\n","protected":false},"author":1,"featured_media":8103,"comment_status":"closed","ping_status":"open","sticky":false,"template":"","format":"standard","meta":{"footnotes":""},"categories":[110,122],"tags":[],"class_list":["post-8102","post","type-post","status-publish","format-standard","has-post-thumbnail","hentry","category-noticiasdestaque","category-saudeeducacaoeconcurso"],"_links":{"self":[{"href":"https:\/\/jorgezanoni.com.br\/2019\/wp-json\/wp\/v2\/posts\/8102","targetHints":{"allow":["GET"]}}],"collection":[{"href":"https:\/\/jorgezanoni.com.br\/2019\/wp-json\/wp\/v2\/posts"}],"about":[{"href":"https:\/\/jorgezanoni.com.br\/2019\/wp-json\/wp\/v2\/types\/post"}],"author":[{"embeddable":true,"href":"https:\/\/jorgezanoni.com.br\/2019\/wp-json\/wp\/v2\/users\/1"}],"replies":[{"embeddable":true,"href":"https:\/\/jorgezanoni.com.br\/2019\/wp-json\/wp\/v2\/comments?post=8102"}],"version-history":[{"count":0,"href":"https:\/\/jorgezanoni.com.br\/2019\/wp-json\/wp\/v2\/posts\/8102\/revisions"}],"wp:featuredmedia":[{"embeddable":true,"href":"https:\/\/jorgezanoni.com.br\/2019\/wp-json\/wp\/v2\/media\/8103"}],"wp:attachment":[{"href":"https:\/\/jorgezanoni.com.br\/2019\/wp-json\/wp\/v2\/media?parent=8102"}],"wp:term":[{"taxonomy":"category","embeddable":true,"href":"https:\/\/jorgezanoni.com.br\/2019\/wp-json\/wp\/v2\/categories?post=8102"},{"taxonomy":"post_tag","embeddable":true,"href":"https:\/\/jorgezanoni.com.br\/2019\/wp-json\/wp\/v2\/tags?post=8102"}],"curies":[{"name":"wp","href":"https:\/\/api.w.org\/{rel}","templated":true}]}}