{"id":81005,"date":"2023-09-28T11:42:36","date_gmt":"2023-09-28T11:42:36","guid":{"rendered":"https:\/\/jorgezanoni.com.br\/2019\/?p=81005"},"modified":"2023-09-28T11:44:39","modified_gmt":"2023-09-28T11:44:39","slug":"sicredi-reune-jornalistas-e-formadores-de-opiniao-para-prestar-contas-e-gerar-novas-conexoes","status":"publish","type":"post","link":"https:\/\/jorgezanoni.com.br\/2019\/sicredi-reune-jornalistas-e-formadores-de-opiniao-para-prestar-contas-e-gerar-novas-conexoes\/","title":{"rendered":"Sicredi re\u00fane jornalistas e formadores de opini\u00e3o para prestar contas e gerar novas conex\u00f5es"},"content":{"rendered":"<p style=\"text-align: justify;\"><strong><em>Institui\u00e7\u00e3o financeira cooperativa ainda trouxe conte\u00fado sobre cooperativismo e tratou do futuro com expans\u00e3o e novos neg\u00f3cios.<\/em><\/strong><em>\u00a0<\/em><\/p>\n<p style=\"text-align: justify;\">O Sicredi realizou, entre os dias 18 e 25 de setembro, a 5\u00aa edi\u00e7\u00e3o do \u201cCaf\u00e9 com o Sicredi\u201d, reunindo cerca de 67 jornalistas e formadores de opini\u00e3o de sua \u00e1rea de atua\u00e7\u00e3o para falar sobre as realiza\u00e7\u00f5es da cooperativa, al\u00e9m de cooperativismo, campanhas e os projetos para o Futuro. Os eventos, que aconteceram em ag\u00eancias nas cidades de Brotas, Mar\u00edlia e Adamantina, al\u00e9m da Sede Regional Administrativa em Bauru, tamb\u00e9m contaram com a presen\u00e7a de colaboradores, diretores e presidente da Sicredi Centro Oeste Paulista.<\/p>\n<p style=\"text-align: justify;\">Dr. Jo\u00e3o Salvi, presidente da cooperativa, agradeceu a presen\u00e7a dos jornalistas, al\u00e9m de refor\u00e7ar seu importante papel na sociedade, enquanto formadores de opini\u00e3o e portadores de not\u00edcias relevantes para a comunidade. <em>\u201c\u00c9 importante podermos estar pr\u00f3ximos \u00e0 imprensa, pois, sabemos do seu papel fundamental na sociedade e, assim, mostrar um pouco do trabalho que realizamos aqui. Tanto a imprensa como n\u00f3s temos o mesmo prop\u00f3sito; o de construir juntos uma sociedade mais pr\u00f3spera.\u201d<\/em><\/p>\n<p style=\"text-align: justify;\">Logo em seguida, o diretor executivo, Ildo Wilde, trouxe n\u00fameros do cooperativismo a n\u00edvel global e tratou do cen\u00e1rio nacional do cooperativismo de cr\u00e9dito, especificamente. <em>\u201cQuando falamos de cooperativismo, falamos de um modelo de neg\u00f3cio que beneficia as comunidades, gerando empregos, renda e traz desenvolvimento social. Com esses encontros, queremos desmistificar o cooperativismo, falar sobre o mercado financeiro, promover conhecimento e empoderar os meios de comunica\u00e7\u00e3o.\u201d<\/em><\/p>\n<p style=\"text-align: justify;\">Outro tema muito importante foi os benef\u00edcios do cooperativismo de cr\u00e9dito, demonstrado por uma s\u00e9rie de estudos encomendados pelo Sicredi, realizados pela FIPE \u2013 Funda\u00e7\u00e3o Instituto de Pesquisas Econ\u00f4micas \u2013 e outros entes, al\u00e9m do pr\u00f3prio Sicredi (<a href=\"https:\/\/www.sicredi.com.br\/site\/sobre-nos\/cooperativismo\/brasil-coopera\/\">https:\/\/www.sicredi.com.br\/site\/sobre-nos\/cooperativismo\/brasil-coopera\/<\/a>). Os estudos corroboram com a estrat\u00e9gia de expans\u00e3o f\u00edsica do Sicredi, al\u00e9m de mostrar o impacto que as cooperativas t\u00eam na bancariza\u00e7\u00e3o de modo geral e sua capacidade de abertura de ag\u00eancias em munic\u00edpios menores.<\/p>\n<p style=\"text-align: justify;\">Foram apresentados, tamb\u00e9m, os projetos sociais do Sicredi e dados sobre as oportunidades de trabalho no Sicredi, que v\u00e3o ao encontro do plano de expans\u00e3o que, ainda em 2023, contempla novas ag\u00eancias em Mar\u00edlia e Bauru, al\u00e9m de reinaugura\u00e7\u00f5es em Dracena e Pederneiras. Por fim, uma nova campanha de Capital Social e Cr\u00e9dito, que contar\u00e1 com o sorteio de um carro zero Km ao seu final e ser\u00e1 lan\u00e7ada em outubro, foi mostrada aos jornalistas.<\/p>\n<p style=\"text-align: justify;\"><strong><em>Sobre o Sicredi<\/em><\/strong><\/p>\n<p style=\"text-align: justify;\"><em>O Sicredi \u00e9 uma institui\u00e7\u00e3o financeira cooperativa comprometida com o crescimento de seus associados e com o desenvolvimento das regi\u00f5es onde atua. Possui um modelo de gest\u00e3o que valoriza a participa\u00e7\u00e3o dos mais de 7 milh\u00f5es de associados, que exercem o papel de donos do neg\u00f3cio. Com mais de 2.500 ag\u00eancias, o Sicredi est\u00e1 presente fisicamente em todos os estados brasileiros e no Distrito Federal, disponibilizando uma gama completa de solu\u00e7\u00f5es financeiras e n\u00e3o financeiras. <\/em><\/p>\n<p><strong><em>Site do Sicredi: <\/em><\/strong><a href=\"http:\/\/www.sicredi.com.br\"><strong><em>www.sicredi.com.br<\/em><\/strong><\/a><\/p>\n<p><strong><em>Redes Sociais: <\/em><\/strong><a href=\"http:\/\/www.facebook.com\/sicredicentrooestepaulista\"><strong><em>Facebook<\/em><\/strong><\/a><em> |<\/em> <a href=\"https:\/\/www.linkedin.com\/company\/sicredi-centro-oeste-paulista\/\"><strong><em>LinkedIn<\/em><\/strong><\/a><em> |<\/em> <a href=\"http:\/\/www.youtube.com\/sicredicentrooestepaulista\"><strong><em>YouTube<\/em><\/strong><\/a> <em>| <\/em><a href=\"http:\/\/www.instagram.com\/sicredicentrooestepaulista\"><strong><em>Instagram<\/em><\/strong><\/a><\/p>\n<p><img loading=\"lazy\" decoding=\"async\" class=\"alignnone size-full wp-image-81006\" src=\"https:\/\/jorgezanoni.com.br\/2019\/wp-content\/uploads\/2023\/09\/si-Pequeno.jpg\" alt=\"\" width=\"720\" height=\"480\" srcset=\"https:\/\/jorgezanoni.com.br\/2019\/wp-content\/uploads\/2023\/09\/si-Pequeno.jpg 720w, https:\/\/jorgezanoni.com.br\/2019\/wp-content\/uploads\/2023\/09\/si-Pequeno-300x200.jpg 300w, https:\/\/jorgezanoni.com.br\/2019\/wp-content\/uploads\/2023\/09\/si-Pequeno-696x464.jpg 696w, https:\/\/jorgezanoni.com.br\/2019\/wp-content\/uploads\/2023\/09\/si-Pequeno-630x420.jpg 630w\" sizes=\"auto, (max-width: 720px) 100vw, 720px\" \/> <img loading=\"lazy\" decoding=\"async\" class=\"alignnone size-full wp-image-81007\" src=\"https:\/\/jorgezanoni.com.br\/2019\/wp-content\/uploads\/2023\/09\/si-1-Pequeno.jpg\" alt=\"\" width=\"720\" height=\"480\" srcset=\"https:\/\/jorgezanoni.com.br\/2019\/wp-content\/uploads\/2023\/09\/si-1-Pequeno.jpg 720w, https:\/\/jorgezanoni.com.br\/2019\/wp-content\/uploads\/2023\/09\/si-1-Pequeno-300x200.jpg 300w, https:\/\/jorgezanoni.com.br\/2019\/wp-content\/uploads\/2023\/09\/si-1-Pequeno-696x464.jpg 696w, https:\/\/jorgezanoni.com.br\/2019\/wp-content\/uploads\/2023\/09\/si-1-Pequeno-630x420.jpg 630w\" sizes=\"auto, (max-width: 720px) 100vw, 720px\" \/> <img loading=\"lazy\" decoding=\"async\" class=\"alignnone size-full wp-image-81008\" src=\"https:\/\/jorgezanoni.com.br\/2019\/wp-content\/uploads\/2023\/09\/Si-2-Pequeno.jpg\" alt=\"\" width=\"720\" height=\"480\" srcset=\"https:\/\/jorgezanoni.com.br\/2019\/wp-content\/uploads\/2023\/09\/Si-2-Pequeno.jpg 720w, https:\/\/jorgezanoni.com.br\/2019\/wp-content\/uploads\/2023\/09\/Si-2-Pequeno-300x200.jpg 300w, https:\/\/jorgezanoni.com.br\/2019\/wp-content\/uploads\/2023\/09\/Si-2-Pequeno-696x464.jpg 696w, https:\/\/jorgezanoni.com.br\/2019\/wp-content\/uploads\/2023\/09\/Si-2-Pequeno-630x420.jpg 630w\" sizes=\"auto, (max-width: 720px) 100vw, 720px\" \/> <img loading=\"lazy\" decoding=\"async\" class=\"alignnone size-full wp-image-81009\" src=\"https:\/\/jorgezanoni.com.br\/2019\/wp-content\/uploads\/2023\/09\/si-3-Pequeno.jpg\" alt=\"\" width=\"720\" height=\"480\" srcset=\"https:\/\/jorgezanoni.com.br\/2019\/wp-content\/uploads\/2023\/09\/si-3-Pequeno.jpg 720w, https:\/\/jorgezanoni.com.br\/2019\/wp-content\/uploads\/2023\/09\/si-3-Pequeno-300x200.jpg 300w, https:\/\/jorgezanoni.com.br\/2019\/wp-content\/uploads\/2023\/09\/si-3-Pequeno-696x464.jpg 696w, https:\/\/jorgezanoni.com.br\/2019\/wp-content\/uploads\/2023\/09\/si-3-Pequeno-630x420.jpg 630w\" sizes=\"auto, (max-width: 720px) 100vw, 720px\" \/> <img loading=\"lazy\" decoding=\"async\" class=\"alignnone size-full wp-image-81010\" src=\"https:\/\/jorgezanoni.com.br\/2019\/wp-content\/uploads\/2023\/09\/si-4-Pequeno.jpg\" alt=\"\" width=\"720\" height=\"480\" srcset=\"https:\/\/jorgezanoni.com.br\/2019\/wp-content\/uploads\/2023\/09\/si-4-Pequeno.jpg 720w, https:\/\/jorgezanoni.com.br\/2019\/wp-content\/uploads\/2023\/09\/si-4-Pequeno-300x200.jpg 300w, https:\/\/jorgezanoni.com.br\/2019\/wp-content\/uploads\/2023\/09\/si-4-Pequeno-696x464.jpg 696w, https:\/\/jorgezanoni.com.br\/2019\/wp-content\/uploads\/2023\/09\/si-4-Pequeno-630x420.jpg 630w\" sizes=\"auto, (max-width: 720px) 100vw, 720px\" \/>Fonte: Comunica\u00e7\u00e3o e Marketing<\/p>\n<p>VEJA FOTOS CLICADAS POR JORGE ZANONI:<\/p>\n<p><img loading=\"lazy\" decoding=\"async\" class=\"alignnone size-full wp-image-81011\" src=\"https:\/\/jorgezanoni.com.br\/2019\/wp-content\/uploads\/2023\/09\/IMG_7988-1-Pequeno.jpg\" alt=\"\" width=\"480\" height=\"517\" srcset=\"https:\/\/jorgezanoni.com.br\/2019\/wp-content\/uploads\/2023\/09\/IMG_7988-1-Pequeno.jpg 480w, https:\/\/jorgezanoni.com.br\/2019\/wp-content\/uploads\/2023\/09\/IMG_7988-1-Pequeno-279x300.jpg 279w, https:\/\/jorgezanoni.com.br\/2019\/wp-content\/uploads\/2023\/09\/IMG_7988-1-Pequeno-390x420.jpg 390w\" sizes=\"auto, (max-width: 480px) 100vw, 480px\" \/> <img loading=\"lazy\" decoding=\"async\" class=\"alignnone size-full wp-image-81012\" src=\"https:\/\/jorgezanoni.com.br\/2019\/wp-content\/uploads\/2023\/09\/IMG_7989-1-Pequeno.jpg\" alt=\"\" width=\"717\" height=\"480\" srcset=\"https:\/\/jorgezanoni.com.br\/2019\/wp-content\/uploads\/2023\/09\/IMG_7989-1-Pequeno.jpg 717w, https:\/\/jorgezanoni.com.br\/2019\/wp-content\/uploads\/2023\/09\/IMG_7989-1-Pequeno-300x201.jpg 300w, https:\/\/jorgezanoni.com.br\/2019\/wp-content\/uploads\/2023\/09\/IMG_7989-1-Pequeno-696x466.jpg 696w, https:\/\/jorgezanoni.com.br\/2019\/wp-content\/uploads\/2023\/09\/IMG_7989-1-Pequeno-627x420.jpg 627w\" sizes=\"auto, (max-width: 717px) 100vw, 717px\" \/> <img loading=\"lazy\" decoding=\"async\" class=\"alignnone size-full wp-image-81013\" src=\"https:\/\/jorgezanoni.com.br\/2019\/wp-content\/uploads\/2023\/09\/IMG_7991-1-Pequeno.jpg\" alt=\"\" width=\"480\" height=\"500\" srcset=\"https:\/\/jorgezanoni.com.br\/2019\/wp-content\/uploads\/2023\/09\/IMG_7991-1-Pequeno.jpg 480w, https:\/\/jorgezanoni.com.br\/2019\/wp-content\/uploads\/2023\/09\/IMG_7991-1-Pequeno-288x300.jpg 288w, https:\/\/jorgezanoni.com.br\/2019\/wp-content\/uploads\/2023\/09\/IMG_7991-1-Pequeno-403x420.jpg 403w\" sizes=\"auto, (max-width: 480px) 100vw, 480px\" \/> <img loading=\"lazy\" decoding=\"async\" class=\"alignnone size-full wp-image-81014\" src=\"https:\/\/jorgezanoni.com.br\/2019\/wp-content\/uploads\/2023\/09\/IMG_7995-1-Pequeno.jpg\" alt=\"\" width=\"665\" height=\"480\" srcset=\"https:\/\/jorgezanoni.com.br\/2019\/wp-content\/uploads\/2023\/09\/IMG_7995-1-Pequeno.jpg 665w, https:\/\/jorgezanoni.com.br\/2019\/wp-content\/uploads\/2023\/09\/IMG_7995-1-Pequeno-300x217.jpg 300w, https:\/\/jorgezanoni.com.br\/2019\/wp-content\/uploads\/2023\/09\/IMG_7995-1-Pequeno-324x235.jpg 324w, https:\/\/jorgezanoni.com.br\/2019\/wp-content\/uploads\/2023\/09\/IMG_7995-1-Pequeno-582x420.jpg 582w\" sizes=\"auto, (max-width: 665px) 100vw, 665px\" \/> <img loading=\"lazy\" decoding=\"async\" class=\"alignnone size-full wp-image-81015\" src=\"https:\/\/jorgezanoni.com.br\/2019\/wp-content\/uploads\/2023\/09\/IMG_7999-1-Pequeno.jpg\" alt=\"\" width=\"480\" height=\"651\" srcset=\"https:\/\/jorgezanoni.com.br\/2019\/wp-content\/uploads\/2023\/09\/IMG_7999-1-Pequeno.jpg 480w, https:\/\/jorgezanoni.com.br\/2019\/wp-content\/uploads\/2023\/09\/IMG_7999-1-Pequeno-221x300.jpg 221w, https:\/\/jorgezanoni.com.br\/2019\/wp-content\/uploads\/2023\/09\/IMG_7999-1-Pequeno-310x420.jpg 310w\" sizes=\"auto, (max-width: 480px) 100vw, 480px\" \/> <img loading=\"lazy\" decoding=\"async\" class=\"alignnone size-full wp-image-81016\" src=\"https:\/\/jorgezanoni.com.br\/2019\/wp-content\/uploads\/2023\/09\/IMG_8002-1-Pequeno.jpg\" alt=\"\" width=\"480\" height=\"747\" srcset=\"https:\/\/jorgezanoni.com.br\/2019\/wp-content\/uploads\/2023\/09\/IMG_8002-1-Pequeno.jpg 480w, https:\/\/jorgezanoni.com.br\/2019\/wp-content\/uploads\/2023\/09\/IMG_8002-1-Pequeno-193x300.jpg 193w, https:\/\/jorgezanoni.com.br\/2019\/wp-content\/uploads\/2023\/09\/IMG_8002-1-Pequeno-270x420.jpg 270w\" sizes=\"auto, (max-width: 480px) 100vw, 480px\" \/> <img loading=\"lazy\" decoding=\"async\" class=\"alignnone size-full wp-image-81017\" src=\"https:\/\/jorgezanoni.com.br\/2019\/wp-content\/uploads\/2023\/09\/IMG_8006-1-Pequeno.jpg\" alt=\"\" width=\"480\" height=\"538\" srcset=\"https:\/\/jorgezanoni.com.br\/2019\/wp-content\/uploads\/2023\/09\/IMG_8006-1-Pequeno.jpg 480w, https:\/\/jorgezanoni.com.br\/2019\/wp-content\/uploads\/2023\/09\/IMG_8006-1-Pequeno-268x300.jpg 268w, https:\/\/jorgezanoni.com.br\/2019\/wp-content\/uploads\/2023\/09\/IMG_8006-1-Pequeno-375x420.jpg 375w\" sizes=\"auto, (max-width: 480px) 100vw, 480px\" \/> <img loading=\"lazy\" decoding=\"async\" class=\"alignnone size-full wp-image-81018\" src=\"https:\/\/jorgezanoni.com.br\/2019\/wp-content\/uploads\/2023\/09\/IMG_8007-1-Pequeno.jpg\" alt=\"\" width=\"582\" height=\"480\" srcset=\"https:\/\/jorgezanoni.com.br\/2019\/wp-content\/uploads\/2023\/09\/IMG_8007-1-Pequeno.jpg 582w, https:\/\/jorgezanoni.com.br\/2019\/wp-content\/uploads\/2023\/09\/IMG_8007-1-Pequeno-300x247.jpg 300w, https:\/\/jorgezanoni.com.br\/2019\/wp-content\/uploads\/2023\/09\/IMG_8007-1-Pequeno-509x420.jpg 509w\" sizes=\"auto, (max-width: 582px) 100vw, 582px\" \/><\/p>\n","protected":false},"excerpt":{"rendered":"<p>Institui\u00e7\u00e3o financeira cooperativa ainda trouxe conte\u00fado sobre cooperativismo e tratou do futuro com expans\u00e3o e novos neg\u00f3cios.\u00a0 O Sicredi realizou, entre os dias 18 e 25 de setembro, a 5\u00aa edi\u00e7\u00e3o do \u201cCaf\u00e9 com o Sicredi\u201d, reunindo cerca de 67 jornalistas e formadores de opini\u00e3o de sua \u00e1rea de atua\u00e7\u00e3o para falar sobre as realiza\u00e7\u00f5es [&hellip;]<\/p>\n","protected":false},"author":1,"featured_media":81007,"comment_status":"closed","ping_status":"open","sticky":false,"template":"","format":"standard","meta":{"footnotes":""},"categories":[110,116],"tags":[],"class_list":["post-81005","post","type-post","status-publish","format-standard","has-post-thumbnail","hentry","category-noticiasdestaque","category-politicaeeconomia"],"_links":{"self":[{"href":"https:\/\/jorgezanoni.com.br\/2019\/wp-json\/wp\/v2\/posts\/81005","targetHints":{"allow":["GET"]}}],"collection":[{"href":"https:\/\/jorgezanoni.com.br\/2019\/wp-json\/wp\/v2\/posts"}],"about":[{"href":"https:\/\/jorgezanoni.com.br\/2019\/wp-json\/wp\/v2\/types\/post"}],"author":[{"embeddable":true,"href":"https:\/\/jorgezanoni.com.br\/2019\/wp-json\/wp\/v2\/users\/1"}],"replies":[{"embeddable":true,"href":"https:\/\/jorgezanoni.com.br\/2019\/wp-json\/wp\/v2\/comments?post=81005"}],"version-history":[{"count":1,"href":"https:\/\/jorgezanoni.com.br\/2019\/wp-json\/wp\/v2\/posts\/81005\/revisions"}],"predecessor-version":[{"id":81019,"href":"https:\/\/jorgezanoni.com.br\/2019\/wp-json\/wp\/v2\/posts\/81005\/revisions\/81019"}],"wp:featuredmedia":[{"embeddable":true,"href":"https:\/\/jorgezanoni.com.br\/2019\/wp-json\/wp\/v2\/media\/81007"}],"wp:attachment":[{"href":"https:\/\/jorgezanoni.com.br\/2019\/wp-json\/wp\/v2\/media?parent=81005"}],"wp:term":[{"taxonomy":"category","embeddable":true,"href":"https:\/\/jorgezanoni.com.br\/2019\/wp-json\/wp\/v2\/categories?post=81005"},{"taxonomy":"post_tag","embeddable":true,"href":"https:\/\/jorgezanoni.com.br\/2019\/wp-json\/wp\/v2\/tags?post=81005"}],"curies":[{"name":"wp","href":"https:\/\/api.w.org\/{rel}","templated":true}]}}