{"id":8097,"date":"2019-10-08T02:44:47","date_gmt":"2019-10-08T02:44:47","guid":{"rendered":"https:\/\/jorgezanoni.com.br\/2019\/?p=8097"},"modified":"2019-10-08T02:44:47","modified_gmt":"2019-10-08T02:44:47","slug":"ligia-sinatura-pede-exoneracao-do-cargo-de-secretaria-da-saude-de-dracena","status":"publish","type":"post","link":"https:\/\/jorgezanoni.com.br\/2019\/ligia-sinatura-pede-exoneracao-do-cargo-de-secretaria-da-saude-de-dracena\/","title":{"rendered":"Ligia Sinatura pede exonera\u00e7\u00e3o do cargo de Secret\u00e1ria da Sa\u00fade de Dracena"},"content":{"rendered":"<p style=\"text-align: justify;\">COMUNICADO<\/p>\n<p style=\"text-align: justify;\">Hoje (07), a Secret\u00e1ria Municipal de Sa\u00fade e Higiene P\u00fablica, L\u00edgia Maria Antunes de Oliveira e Sousa Sinatura, protocolou seu pedido de exonera\u00e7\u00e3o por motivo exclusivamente pessoal e que foi aceito pelo Prefeito Juliano.<\/p>\n<p style=\"text-align: justify;\">\u201cQuero agradecer a confian\u00e7a em mim depositada e coloco-me \u00e0 disposi\u00e7\u00e3o para todos os procedimentos de transi\u00e7\u00e3o que se fizerem necess\u00e1rios. Deixo a gest\u00e3o com a certeza de ter contribu\u00eddo para a implementa\u00e7\u00e3o das pol\u00edticas de sa\u00fade previstas no SUS\u00a0<span class=\"text_exposed_show\">\u2013 Sistema \u00danico de Sa\u00fade em Dracena, com vistas \u00e0 otimiza\u00e7\u00e3o da aplica\u00e7\u00e3o dos recursos existentes. Agrade\u00e7o profundamente a oportunidade de participar de uma equipe honesta e comprometida. Desejo sucesso a todos\u201d, declarou L\u00edgia Sinatura.<\/span><\/p>\n<div class=\"text_exposed_show\">\n<p style=\"text-align: justify;\">O Prefeito Juliano destacou: \u201cquero agradecer a L\u00edgia pelo trabalho desempenhado \u00e0 frente de uma das principais secretarias do nosso munic\u00edpio. A implementa\u00e7\u00e3o de pol\u00edticas p\u00fablicas de sa\u00fade para atender a popula\u00e7\u00e3o foram concretizadas, e ela teve capacidade de liderar uma equipe que melhorou o sistema p\u00fablico municipal e avan\u00e7ou na \u00e1rea da sa\u00fade&#8221;.<\/p>\n<p style=\"text-align: justify;\">O Prefeito manter\u00e1 a equipe e est\u00e1 estudando um novo nome para assumir a pasta.<\/p>\n<p style=\"text-align: justify;\">Fonte: https:\/\/www.facebook.com\/prefeituradracena\/<\/p>\n<\/div>\n","protected":false},"excerpt":{"rendered":"<p>COMUNICADO Hoje (07), a Secret\u00e1ria Municipal de Sa\u00fade e Higiene P\u00fablica, L\u00edgia Maria Antunes de Oliveira e Sousa Sinatura, protocolou seu pedido de exonera\u00e7\u00e3o por motivo exclusivamente pessoal e que foi aceito pelo Prefeito Juliano. \u201cQuero agradecer a confian\u00e7a em mim depositada e coloco-me \u00e0 disposi\u00e7\u00e3o para todos os procedimentos de transi\u00e7\u00e3o que se fizerem [&hellip;]<\/p>\n","protected":false},"author":1,"featured_media":8098,"comment_status":"closed","ping_status":"open","sticky":false,"template":"","format":"standard","meta":{"footnotes":""},"categories":[110,122],"tags":[],"class_list":["post-8097","post","type-post","status-publish","format-standard","has-post-thumbnail","hentry","category-noticiasdestaque","category-saudeeducacaoeconcurso"],"_links":{"self":[{"href":"https:\/\/jorgezanoni.com.br\/2019\/wp-json\/wp\/v2\/posts\/8097","targetHints":{"allow":["GET"]}}],"collection":[{"href":"https:\/\/jorgezanoni.com.br\/2019\/wp-json\/wp\/v2\/posts"}],"about":[{"href":"https:\/\/jorgezanoni.com.br\/2019\/wp-json\/wp\/v2\/types\/post"}],"author":[{"embeddable":true,"href":"https:\/\/jorgezanoni.com.br\/2019\/wp-json\/wp\/v2\/users\/1"}],"replies":[{"embeddable":true,"href":"https:\/\/jorgezanoni.com.br\/2019\/wp-json\/wp\/v2\/comments?post=8097"}],"version-history":[{"count":0,"href":"https:\/\/jorgezanoni.com.br\/2019\/wp-json\/wp\/v2\/posts\/8097\/revisions"}],"wp:featuredmedia":[{"embeddable":true,"href":"https:\/\/jorgezanoni.com.br\/2019\/wp-json\/wp\/v2\/media\/8098"}],"wp:attachment":[{"href":"https:\/\/jorgezanoni.com.br\/2019\/wp-json\/wp\/v2\/media?parent=8097"}],"wp:term":[{"taxonomy":"category","embeddable":true,"href":"https:\/\/jorgezanoni.com.br\/2019\/wp-json\/wp\/v2\/categories?post=8097"},{"taxonomy":"post_tag","embeddable":true,"href":"https:\/\/jorgezanoni.com.br\/2019\/wp-json\/wp\/v2\/tags?post=8097"}],"curies":[{"name":"wp","href":"https:\/\/api.w.org\/{rel}","templated":true}]}}