{"id":80968,"date":"2023-09-26T16:34:54","date_gmt":"2023-09-26T16:34:54","guid":{"rendered":"https:\/\/jorgezanoni.com.br\/2019\/?p=80968"},"modified":"2023-09-26T16:34:54","modified_gmt":"2023-09-26T16:34:54","slug":"policia-militar-prende-homem-por-trafico-de-entorpecentes-e-recupera-res-furtivas-esclarecendo-furto-em-panorama","status":"publish","type":"post","link":"https:\/\/jorgezanoni.com.br\/2019\/policia-militar-prende-homem-por-trafico-de-entorpecentes-e-recupera-res-furtivas-esclarecendo-furto-em-panorama\/","title":{"rendered":"Pol\u00edcia Militar prende homem por Tr\u00e1fico de Entorpecentes e recupera R\u00e9s Furtivas esclarecendo furto em Panorama"},"content":{"rendered":"<p style=\"text-align: justify;\">Na noite de ontem (25), a unidade da pol\u00edcia militar, em servi\u00e7o pelo munic\u00edpio de panorama, obteve informa\u00e7\u00f5es sobre um furto em uma escola estadual, onde 02 (dois) indiv\u00edduos mediante arrombamento haviam subtra\u00eddos 02 viol\u00f5es e 01 tv 43 polegadas. Em posse das imagens do sistema de monitoramento, os autores foram identificados. Em dilig\u00eancias um dos indiv\u00edduos (homem, 22 anos) foi localizado em sua resid\u00eancia e ap\u00f3s ser indagado sobre o ocorrido de imediato confessou a autoria do crime, entregando 01 viol\u00e3o que estava homiziado em um quartinho no fundo, de sua resid\u00eancia e a televis\u00e3o informou que havia trocado por crack, com um propriet\u00e1rio de um bar. Em dilig\u00eancias at\u00e9 o estabelecimento comercial, o propriet\u00e1rio (homem, 52 anos) foi abordado e questionado sobre o aparelho de televis\u00e3o, negou a recepta\u00e7\u00e3o, porem confessou a merc\u00e2ncia de entorpecentes. Diante dos relatos foi realizada breve vistoria, onde foi localizado em cima da pia havia um prato com uma por\u00e7\u00e3o de crack e 01 faca, bem como enrolado em uma roupa velha mais 01 por\u00e7\u00e3o bruta de crack e 01 de maconha, o autor relatou que estava passando por dificuldades financeiras e adquiriu os entorpecentes no estado do mato grosso do sul para vender. O segundo autor (homem, 19 anos) do furto foi localizado em patrulhamento com vistas, relatando que o aparelho de televis\u00e3o estava escondido em um terreno baldio. Diante dos fatos, os indiv\u00edduos foram conduzidos ao plant\u00e3o de pol\u00edcia judici\u00e1ria, onde os autores do furto foram ouvidos e liberados e o propriet\u00e1rio do bar, preso em flagrante por tr\u00e1fico de entorpecentes.<\/p>\n<p><img loading=\"lazy\" decoding=\"async\" class=\"alignnone size-full wp-image-80970\" src=\"https:\/\/jorgezanoni.com.br\/2019\/wp-content\/uploads\/2023\/09\/Panorama-1-Pequeno.jpg\" alt=\"\" width=\"654\" height=\"480\" srcset=\"https:\/\/jorgezanoni.com.br\/2019\/wp-content\/uploads\/2023\/09\/Panorama-1-Pequeno.jpg 654w, https:\/\/jorgezanoni.com.br\/2019\/wp-content\/uploads\/2023\/09\/Panorama-1-Pequeno-300x220.jpg 300w, https:\/\/jorgezanoni.com.br\/2019\/wp-content\/uploads\/2023\/09\/Panorama-1-Pequeno-80x60.jpg 80w, https:\/\/jorgezanoni.com.br\/2019\/wp-content\/uploads\/2023\/09\/Panorama-1-Pequeno-572x420.jpg 572w\" sizes=\"auto, (max-width: 654px) 100vw, 654px\" \/>Fonte: Com. Pol\u00edcia Militar<\/p>\n","protected":false},"excerpt":{"rendered":"<p>Na noite de ontem (25), a unidade da pol\u00edcia militar, em servi\u00e7o pelo munic\u00edpio de panorama, obteve informa\u00e7\u00f5es sobre um furto em uma escola estadual, onde 02 (dois) indiv\u00edduos mediante arrombamento haviam subtra\u00eddos 02 viol\u00f5es e 01 tv 43 polegadas. Em posse das imagens do sistema de monitoramento, os autores foram identificados. Em dilig\u00eancias um [&hellip;]<\/p>\n","protected":false},"author":1,"featured_media":80969,"comment_status":"closed","ping_status":"open","sticky":false,"template":"","format":"standard","meta":{"footnotes":""},"categories":[110,2],"tags":[],"class_list":["post-80968","post","type-post","status-publish","format-standard","has-post-thumbnail","hentry","category-noticiasdestaque","category-policial"],"_links":{"self":[{"href":"https:\/\/jorgezanoni.com.br\/2019\/wp-json\/wp\/v2\/posts\/80968","targetHints":{"allow":["GET"]}}],"collection":[{"href":"https:\/\/jorgezanoni.com.br\/2019\/wp-json\/wp\/v2\/posts"}],"about":[{"href":"https:\/\/jorgezanoni.com.br\/2019\/wp-json\/wp\/v2\/types\/post"}],"author":[{"embeddable":true,"href":"https:\/\/jorgezanoni.com.br\/2019\/wp-json\/wp\/v2\/users\/1"}],"replies":[{"embeddable":true,"href":"https:\/\/jorgezanoni.com.br\/2019\/wp-json\/wp\/v2\/comments?post=80968"}],"version-history":[{"count":1,"href":"https:\/\/jorgezanoni.com.br\/2019\/wp-json\/wp\/v2\/posts\/80968\/revisions"}],"predecessor-version":[{"id":80971,"href":"https:\/\/jorgezanoni.com.br\/2019\/wp-json\/wp\/v2\/posts\/80968\/revisions\/80971"}],"wp:featuredmedia":[{"embeddable":true,"href":"https:\/\/jorgezanoni.com.br\/2019\/wp-json\/wp\/v2\/media\/80969"}],"wp:attachment":[{"href":"https:\/\/jorgezanoni.com.br\/2019\/wp-json\/wp\/v2\/media?parent=80968"}],"wp:term":[{"taxonomy":"category","embeddable":true,"href":"https:\/\/jorgezanoni.com.br\/2019\/wp-json\/wp\/v2\/categories?post=80968"},{"taxonomy":"post_tag","embeddable":true,"href":"https:\/\/jorgezanoni.com.br\/2019\/wp-json\/wp\/v2\/tags?post=80968"}],"curies":[{"name":"wp","href":"https:\/\/api.w.org\/{rel}","templated":true}]}}