{"id":80954,"date":"2023-09-26T01:14:55","date_gmt":"2023-09-26T01:14:55","guid":{"rendered":"https:\/\/jorgezanoni.com.br\/2019\/?p=80954"},"modified":"2023-09-26T01:14:55","modified_gmt":"2023-09-26T01:14:55","slug":"pcpr-prende-tres-pessoas-envolvidas-em-roubo-de-carga-de-bobinas-de-aco-dracena-e-citada-na-materia","status":"publish","type":"post","link":"https:\/\/jorgezanoni.com.br\/2019\/pcpr-prende-tres-pessoas-envolvidas-em-roubo-de-carga-de-bobinas-de-aco-dracena-e-citada-na-materia\/","title":{"rendered":"PCPR prende tr\u00eas pessoas envolvidas em roubo de carga de bobinas de a\u00e7o (DRACENA \u00c9 CITADA NA MAT\u00c9RIA)"},"content":{"rendered":"<div class=\"field field--name-field-texto field--type-text-long field--label-hidden field--item\">\n<p style=\"text-align: justify;\">A Pol\u00edcia Civil do Paran\u00e1 (PCPR) prendeu dois homens, de 43 e 54 anos, e uma mulher, de 54, durante uma opera\u00e7\u00e3o deflagrada contra um grupo criminoso ligado a roubo de carga de bobinas de a\u00e7o. As capturas foram realizadas nesta ter\u00e7a-feira (19) e quarta-feira (20), em\u00a0Coronel Vivida, no Sudoeste do Estado, e nos munic\u00edpios de Gaspar e Balne\u00e1rio\u00a0Cambori\u00fa, em Santa Catarina.<\/p>\n<p style=\"text-align: justify;\">Durante a a\u00e7\u00e3o, foram cumpridos seis mandados de busca e apreens\u00e3o\u00a0 nos munic\u00edpios de Ponta Grossa, na regi\u00e3o dos Campos Gerais, Barra Velha e Gaspar, em Santa Catarina, e Dracena, em S\u00e3o Paulo. Foram apreendidos objetos que auxiliar\u00e3o no andamento das investiga\u00e7\u00f5es.<\/p>\n<p style=\"text-align: justify;\">Os dois homens, foram capturados na ter\u00e7a-feira (19), em Coronel Vivida e Gaspar. Enquanto a mulher foi presa nesta quarta-feira em (20), em Balne\u00e1rio Cambori\u00fa. Os indiv\u00edduos foram encaminhados ao sistema penitenci\u00e1rio.<\/p>\n<p style=\"text-align: justify;\">CRIME- A PCPR tomou conhecimento do fato ap\u00f3s receber uma den\u00fancia, em abril deste ano, informando que uma carga de bobinas de a\u00e7o havia sido roubada por quatro indiv\u00edduos.<\/p>\n<p style=\"text-align: justify;\">De acordo com as investiga\u00e7\u00f5es, o motorista registrou um boletim de ocorr\u00eancia afirmando que a carga foi roubada enquanto estava sendo transportada do munic\u00edpio de S\u00e3o Francisco do Sul para Bataguassu, no Mato Grosso do Sul.<\/p>\n<p style=\"text-align: justify;\">O delegado da PCPR Lucas Mariano Mendes conta que durante o registro do boletim de ocorr\u00eancia , o indiv\u00edduo informou fatos falsos sobre o crime.<\/p>\n<p style=\"text-align: justify;\">\u201cO desvio ocorreu em Ponta Grossa, mas o motorista tentou fazer um BO falso na delegacia. Ap\u00f3s dilig\u00eancias, os policiais civis recuperaram em um p\u00e1tio na cidade de Ponta Grossa uma das as carretas desviadas pelo motorista, bem como parte de uma carga e um bitrem tanque dados como roubados na cidade de S\u00e3o Jos\u00e9 dos Pinhais.\u201d, afirma o delegado.<\/p>\n<p style=\"text-align: justify;\">As investiga\u00e7\u00f5es continuam a fim de localizar o quarto envolvido no roubo. O mandado de pris\u00e3o em desfavor do suspeito foi representado e expedido, mas o indiv\u00edduo n\u00e3o foi localizado e est\u00e1 foragido.<\/p>\n<p style=\"text-align: justify;\">DEN\u00daNCIAS &#8211; A PCPR solicita a colabora\u00e7\u00e3o da popula\u00e7\u00e3o com informa\u00e7\u00f5es que auxiliem na localiza\u00e7\u00e3o do procurado. As den\u00fancias podem ser feitas de forma an\u00f4nima, pelos n\u00fameros 197, da PCPR, 181 do Disque-Den\u00fancia ou (41) 9957-9209, diretamente \u00e0 equipe de investiga\u00e7\u00e3o.<\/p>\n<\/div>\n<div id=\"medias\">\n<h3>GALERIA DE IMAGENS<\/h3>\n<ul class=\"galeria\">\n<li>\n<div id=\"gallery-news\">\n<div class=\"field field--name-field-galeria field--type-entity-reference field--label-hidden field--item\">\n<div id=\"slick-media-galeria-de-imagens-media-slideshow-midia-anexada-em-outro-node-111541-1\" class=\"slick blazy blazy--photoswipe slick--field slick--field-media-slideshow slick--field-media-slideshow--midia-anexada-em-outro-node unslick slick--skin--default slick--optionset--galeria-main slick--less slick--photoswipe blazy--on photoswipe--on slick--initialized\" data-blazy=\"\" data-photoswipe-gallery=\"\" data-pswp-uid=\"1\">\n<div class=\"media media--blazy media--bundle--image media--slick media--switch media--switch--photoswipe media--image is-b-loaded\" data-thumb=\"\/sites\/default\/arquivos_restritos\/files\/styles\/escala_e_corta_226x185_\/public\/imagem\/2023-09\/20230807_pcpr_9489.jpg?itok=7syatcHt\"><img loading=\"lazy\" decoding=\"async\" class=\"media__image media__element b-lazy img-responsive b-loaded\" src=\"https:\/\/www.policiacivil.pr.gov.br\/sites\/default\/arquivos_restritos\/files\/styles\/escala_e_corta_915_555_\/public\/imagem\/2023-09\/20230807_pcpr_9489.jpg?itok=NmK1IyKi\" alt=\"PCPR deflagra opera\u00e7\u00e3o contra grupo criminoso envolvido em roubo de carga de bobinas de a\u00e7o\" width=\"915\" height=\"555\" \/><\/div>\n<div class=\"litebox-caption visually-hidden\" tabindex=\"-1\">Foto: F\u00e1bio Dias \/ EPR<\/div>\n<div class=\"slide__caption\" tabindex=\"-1\">\n<div class=\"slide__description\" style=\"text-align: justify;\">Fonte: https:\/\/www.policiacivil.pr.gov.br\/Noticia\/PCPR-prende-tres-pessoas-envolvidas-em-roubo-de-carga-de-bobinas-de-aco<\/div>\n<\/div>\n<\/div>\n<\/div>\n<\/div>\n<\/li>\n<\/ul>\n<\/div>\n","protected":false},"excerpt":{"rendered":"<p>A Pol\u00edcia Civil do Paran\u00e1 (PCPR) prendeu dois homens, de 43 e 54 anos, e uma mulher, de 54, durante uma opera\u00e7\u00e3o deflagrada contra um grupo criminoso ligado a roubo de carga de bobinas de a\u00e7o. As capturas foram realizadas nesta ter\u00e7a-feira (19) e quarta-feira (20), em\u00a0Coronel Vivida, no Sudoeste do Estado, e nos munic\u00edpios [&hellip;]<\/p>\n","protected":false},"author":1,"featured_media":80955,"comment_status":"closed","ping_status":"open","sticky":false,"template":"","format":"standard","meta":{"footnotes":""},"categories":[110,2],"tags":[],"class_list":["post-80954","post","type-post","status-publish","format-standard","has-post-thumbnail","hentry","category-noticiasdestaque","category-policial"],"_links":{"self":[{"href":"https:\/\/jorgezanoni.com.br\/2019\/wp-json\/wp\/v2\/posts\/80954","targetHints":{"allow":["GET"]}}],"collection":[{"href":"https:\/\/jorgezanoni.com.br\/2019\/wp-json\/wp\/v2\/posts"}],"about":[{"href":"https:\/\/jorgezanoni.com.br\/2019\/wp-json\/wp\/v2\/types\/post"}],"author":[{"embeddable":true,"href":"https:\/\/jorgezanoni.com.br\/2019\/wp-json\/wp\/v2\/users\/1"}],"replies":[{"embeddable":true,"href":"https:\/\/jorgezanoni.com.br\/2019\/wp-json\/wp\/v2\/comments?post=80954"}],"version-history":[{"count":1,"href":"https:\/\/jorgezanoni.com.br\/2019\/wp-json\/wp\/v2\/posts\/80954\/revisions"}],"predecessor-version":[{"id":80956,"href":"https:\/\/jorgezanoni.com.br\/2019\/wp-json\/wp\/v2\/posts\/80954\/revisions\/80956"}],"wp:featuredmedia":[{"embeddable":true,"href":"https:\/\/jorgezanoni.com.br\/2019\/wp-json\/wp\/v2\/media\/80955"}],"wp:attachment":[{"href":"https:\/\/jorgezanoni.com.br\/2019\/wp-json\/wp\/v2\/media?parent=80954"}],"wp:term":[{"taxonomy":"category","embeddable":true,"href":"https:\/\/jorgezanoni.com.br\/2019\/wp-json\/wp\/v2\/categories?post=80954"},{"taxonomy":"post_tag","embeddable":true,"href":"https:\/\/jorgezanoni.com.br\/2019\/wp-json\/wp\/v2\/tags?post=80954"}],"curies":[{"name":"wp","href":"https:\/\/api.w.org\/{rel}","templated":true}]}}