{"id":80912,"date":"2023-09-23T20:03:34","date_gmt":"2023-09-23T20:03:34","guid":{"rendered":"https:\/\/jorgezanoni.com.br\/2019\/?p=80912"},"modified":"2023-09-23T20:03:34","modified_gmt":"2023-09-23T20:03:34","slug":"policia-militar-recupera-bicicleta-furtada-em-dracena","status":"publish","type":"post","link":"https:\/\/jorgezanoni.com.br\/2019\/policia-militar-recupera-bicicleta-furtada-em-dracena\/","title":{"rendered":"Pol\u00edcia Militar recupera Bicicleta furtada em Dracena"},"content":{"rendered":"<p style=\"text-align: justify;\">Na madrugada de ontem (22) por volta das 04h a equipe da Pol\u00edcia Militar em servi\u00e7o pelo munic\u00edpio de Dracena, durante o patrulhamento, avistaram um menor (12 anos) com uma bicicleta e submetido a abordagem, de imediato confessou que efetuou o furto da bicicleta e indicou o local do ato, no local do furto em contato com a v\u00edtima a qual reconheceu a bicicleta sendo de sua propriedade, Diante dos fatos o adolescente foi encaminhado ao Plant\u00e3o de Pol\u00edcia Judici\u00e1ria que liberou o menor para sua genitora.<\/p>\n<p style=\"text-align: justify;\">Fonte: Com. Social Pol\u00edcia Militar<\/p>\n","protected":false},"excerpt":{"rendered":"<p>Na madrugada de ontem (22) por volta das 04h a equipe da Pol\u00edcia Militar em servi\u00e7o pelo munic\u00edpio de Dracena, durante o patrulhamento, avistaram um menor (12 anos) com uma bicicleta e submetido a abordagem, de imediato confessou que efetuou o furto da bicicleta e indicou o local do ato, no local do furto em [&hellip;]<\/p>\n","protected":false},"author":1,"featured_media":80913,"comment_status":"closed","ping_status":"open","sticky":false,"template":"","format":"standard","meta":{"footnotes":""},"categories":[110,2],"tags":[],"class_list":["post-80912","post","type-post","status-publish","format-standard","has-post-thumbnail","hentry","category-noticiasdestaque","category-policial"],"_links":{"self":[{"href":"https:\/\/jorgezanoni.com.br\/2019\/wp-json\/wp\/v2\/posts\/80912","targetHints":{"allow":["GET"]}}],"collection":[{"href":"https:\/\/jorgezanoni.com.br\/2019\/wp-json\/wp\/v2\/posts"}],"about":[{"href":"https:\/\/jorgezanoni.com.br\/2019\/wp-json\/wp\/v2\/types\/post"}],"author":[{"embeddable":true,"href":"https:\/\/jorgezanoni.com.br\/2019\/wp-json\/wp\/v2\/users\/1"}],"replies":[{"embeddable":true,"href":"https:\/\/jorgezanoni.com.br\/2019\/wp-json\/wp\/v2\/comments?post=80912"}],"version-history":[{"count":1,"href":"https:\/\/jorgezanoni.com.br\/2019\/wp-json\/wp\/v2\/posts\/80912\/revisions"}],"predecessor-version":[{"id":80914,"href":"https:\/\/jorgezanoni.com.br\/2019\/wp-json\/wp\/v2\/posts\/80912\/revisions\/80914"}],"wp:featuredmedia":[{"embeddable":true,"href":"https:\/\/jorgezanoni.com.br\/2019\/wp-json\/wp\/v2\/media\/80913"}],"wp:attachment":[{"href":"https:\/\/jorgezanoni.com.br\/2019\/wp-json\/wp\/v2\/media?parent=80912"}],"wp:term":[{"taxonomy":"category","embeddable":true,"href":"https:\/\/jorgezanoni.com.br\/2019\/wp-json\/wp\/v2\/categories?post=80912"},{"taxonomy":"post_tag","embeddable":true,"href":"https:\/\/jorgezanoni.com.br\/2019\/wp-json\/wp\/v2\/tags?post=80912"}],"curies":[{"name":"wp","href":"https:\/\/api.w.org\/{rel}","templated":true}]}}