{"id":80837,"date":"2023-09-23T11:16:27","date_gmt":"2023-09-23T11:16:27","guid":{"rendered":"https:\/\/jorgezanoni.com.br\/2019\/?p=80837"},"modified":"2023-09-23T11:17:02","modified_gmt":"2023-09-23T11:17:02","slug":"site-jorge-zanoni-e-top-tv-obtem-respostas-da-concessionaria-eixo-em-sugestoes-feitas-em-audiencia-publica","status":"publish","type":"post","link":"https:\/\/jorgezanoni.com.br\/2019\/site-jorge-zanoni-e-top-tv-obtem-respostas-da-concessionaria-eixo-em-sugestoes-feitas-em-audiencia-publica\/","title":{"rendered":"Site Jorge Zanoni e Top Tv obt\u00e9m respostas da Concession\u00e1ria Eixo, em sugest\u00f5es feitas em Audi\u00eancia P\u00fablica"},"content":{"rendered":"<h1 style=\"text-align: justify;\"><strong>No dia 20 de maio de 2.023, na sede da ADEC, Rua Dom Pedro, 1279 em Dracena, aconteceu Audi\u00eancia P\u00fablica para discuss\u00e3o e sugest\u00e3o junto a Concession\u00e1ria Eixo que administra a Rodovia Comandante Jo\u00e3o Ribeiro de Barros.<\/strong><\/h1>\n<p style=\"text-align: justify;\"><strong>O \u00fanico representante da Imprensa de Dracena e regi\u00e3o no evento, Jorge Zanoni, representando o SITE JZ e TOP TV, teve a oportunidade de dar tr\u00eas sugest\u00f5es, e agora obt\u00e9m as respostas como segue abaixo.<\/strong><\/p>\n<h1 style=\"text-align: justify;\">EIXO SP CONCESSION\u00c1RIA DE RODOVIAS S.A.<strong>\u00a0<\/strong><\/h1>\n<p style=\"text-align: justify;\"><strong>Duplica\u00e7\u00e3o da Rodovia SP-294<\/strong><\/p>\n<p style=\"text-align: justify;\"><strong>Resposta aos questionamentos\/ solicita\u00e7\u00f5es realizadas nas audi\u00eancias p\u00fablicas<\/strong><strong>\u00a0<\/strong><\/p>\n<p style=\"text-align: justify;\"><strong>Setembro de 2023<\/strong><\/p>\n<h2 style=\"text-align: justify;\">APRESENTA\u00c7\u00c3O<\/h2>\n<p style=\"text-align: justify;\">Prezado Jorge Zanoni, em junho de 2020 a <strong>EIXO SP Concession\u00e1ria de Rodovias S.A. <\/strong>se tornou respons\u00e1vel pela administra\u00e7\u00e3o da rodovia SP-294, entre os quil\u00f4metros 493+350 ao 685+000. O trecho de aproximadamente 191 quil\u00f4metros mais 650 metros de extens\u00e3o, est\u00e1 localizado na regi\u00e3o oeste do Estado de S\u00e3o Paulo e interliga os munic\u00edpios de Pomp\u00e9ia, Quintana, Hercul\u00e2ndia, Tup\u00e3, Iacri, Parapu\u00e3, Osvaldo Cruz, In\u00fabia Paulista, Luc\u00e9lia, Adamantina, Fl\u00f3rida Paulista, Pacaembu, Irapuru, Junqueir\u00f3polis, Dracena, Tupi Paulista, Santa Mercedes, Paulic\u00e9ia e Panorama.<\/p>\n<p style=\"text-align: justify;\">Conforme exposto nas audi\u00eancias p\u00fablicas do EIA-RIMA da Duplica\u00e7\u00e3o da SP-294 realizadas nos dias 23, 24 e 25 de maio, nos munic\u00edpios de Tup\u00e3, Adamantina e Dracena, a SP-294 passar\u00e1 por obras de duplica\u00e7\u00e3o, incluindo ainda melhorias como a implanta\u00e7\u00e3o de novos dispositivos de acesso e retorno e passarelas.<\/p>\n<p style=\"text-align: justify;\">Essa responsabilidade foi atribu\u00edda \u00e0 concession\u00e1ria ap\u00f3s a assinatura do Contrato de Concess\u00e3o n\u00ba 01\/2019, firmado conjuntamente com a Ag\u00eancia de Transporte do Estado de S\u00e3o Paulo.<\/p>\n<p style=\"text-align: justify;\">E considerando os questionamentos recebidos na ocasi\u00e3o e as enviadas no processo, enviamos os esclarecimentos necess\u00e1rios.<\/p>\n<p style=\"text-align: justify;\">Informamos ainda que, caso os esclarecimentos apresentados agora n\u00e3o sejam suficientes para sanar suas d\u00favidas, permanecemos abertos e dispostos a atend\u00ea-los. Os contatos podem ser feitos por meio de nossa ouvidoria 24 horas por dia.<\/p>\n<table>\n<tbody>\n<tr>\n<td width=\"259\"><\/td>\n<\/tr>\n<tr>\n<td><\/td>\n<td><\/td>\n<\/tr>\n<\/tbody>\n<\/table>\n<p style=\"text-align: justify;\">Robinson Alexandre de \u00c1vila Diretor superintendente de Engenharia<\/p>\n<p style=\"text-align: justify;\">Eixo SP, mais perto de voc\u00ea.<\/p>\n<h2 style=\"text-align: justify;\">RESPOSTAS AOS QUESTIONAMENTOS \u2013 DRACENA<\/h2>\n<p style=\"text-align: justify;\">Solicitamos notar que as respostas consolidam diversos questionamentos trazidos pela popula\u00e7\u00e3o durante as audi\u00eancias, al\u00e9m dos enviados por escrito. Organizamos essa carta dessa forma para facilitar o entendimento de todos sobre o empreendimento e dar transpar\u00eancia \u00e0s d\u00favidas, que em muitos casos s\u00e3o semelhantes a mais de uma pessoa.<\/p>\n<h3 style=\"text-align: justify;\">1.\u00a0\u00a0\u00a0\u00a0\u00a0 Locais de Acesso<\/h3>\n<ul style=\"text-align: justify;\">\n<li>Constru\u00e7\u00e3o de uma ponte entre o Km 646 e 647<\/li>\n<\/ul>\n<p style=\"text-align: justify;\"><strong>Esclarecimentos: <\/strong>A necessidade de implanta\u00e7\u00e3o de pontes ao longo da rodovia \u00e9 baseada em estudos hidrol\u00f3gicos, os quais estimam a capacidade de vaz\u00e3o d&#8217;\u00e1gua em elementos de drenagem com base em per\u00edodos de retorno fixos. Para tal, n\u00e3o h\u00e1 necessidade t\u00e9cnica de amplia\u00e7\u00e3o da capacidade h\u00eddrica em elementos de drenagem que cortam a rodovia no segmento mencionado.<\/p>\n<p style=\"text-align: justify;\">Verifica-se que o solicitante pode estar se referindo a uma PASSAGEM SUPERIOR que ligue duas vias sobre a rodovia SP 294. Caso seja esta a solicita\u00e7\u00e3o, a Eixo SP informa que n\u00e3o foi previsto em Edital a implanta\u00e7\u00e3o de passagens superiores no trecho mencionado.<\/p>\n<p style=\"text-align: justify;\">Para a inclus\u00e3o de obras n\u00e3o previstas no Edital de Concess\u00e3o, orientamos que a solicita\u00e7\u00e3o seja feita via SISDEMANDA ou via Of\u00edcio para a ARTESP.<\/p>\n<ul style=\"text-align: justify;\">\n<li>Solicita acesso do Munic\u00edpio de Dracena pela Avenida Washington Lu\u00eds<\/li>\n<\/ul>\n<p style=\"text-align: justify;\"><strong>Esclarecimentos: <\/strong>O dispositivo que d\u00e1 acesso pela Avenida Washington Lu\u00eds ser\u00e1 mantido. Ser\u00e1 adequado somente o dispositivo que d\u00e1 acesso \u00e0 Av. Jos\u00e9 Bonif\u00e1cio.<\/p>\n<table>\n<tbody>\n<tr>\n<td width=\"160\"><\/td>\n<\/tr>\n<tr>\n<td><\/td>\n<td><\/td>\n<\/tr>\n<\/tbody>\n<\/table>\n<ul style=\"text-align: justify;\">\n<li>Sugere que a Av. Rui Barbosa tenha um acesso para o sentido Panorama-S\u00e3o Paulo, para desafogar a Av. Jos\u00e9 Bonif\u00e1cio.<\/li>\n<\/ul>\n<p style=\"text-align: justify;\"><strong>Esclarecimentos: <\/strong>N\u00e3o h\u00e1 previs\u00e3o de acesso da Av. Rui Barbosa para a rodovia SP 294, devido a estar sendo projetada uma via marginal que conectar\u00e1 a rodovia com a Rua Bras\u00edlia. Contudo, uma vez trafegando pela marginal, o usu\u00e1rio n\u00e3o ter\u00e1 acesso ao dispositivo do km 647+970. Para acessar novamente a rodovia, o usu\u00e1rio dever\u00e1 trafegar por dentro do munic\u00edpio e acessar o dispositivo pela Av. Jos\u00e9 Bonif\u00e1cio.<\/p>\n<table>\n<tbody>\n<tr>\n<td width=\"160\"><\/td>\n<\/tr>\n<tr>\n<td><\/td>\n<td><\/td>\n<\/tr>\n<\/tbody>\n<\/table>\n<h3 style=\"text-align: justify;\">2.\u00a0\u00a0\u00a0\u00a0\u00a0 Ciclovia<\/h3>\n<ul style=\"text-align: justify;\">\n<li>Plano de seguran\u00e7a para os ciclistas<\/li>\n<\/ul>\n<p style=\"text-align: justify;\"><strong>Esclarecimentos: <\/strong>A concession\u00e1ria poder\u00e1 instalar placas educativas ao longo do trecho de duplica\u00e7\u00e3o, alertando os motoristas com rela\u00e7\u00e3o ao respeito \u00e0 vida e cuidado com a presen\u00e7a de ciclistas. Al\u00e9m disso, mensagens e campanhas poder\u00e3o ser veiculadas por meio dos Pain\u00e9is de Mensagem Vari\u00e1vel (PMV) da concession\u00e1ria, a qual, permanece \u00e0 disposi\u00e7\u00e3o para sugest\u00e3o de veicula\u00e7\u00e3o campanhas espec\u00edficas.<\/p>\n<p>Agradecemos a participa\u00e7\u00e3o e estamos \u00e0 disposi\u00e7\u00e3o.<\/p>\n<p style=\"text-align: justify;\">Contatos\u00a0atrav\u00e9s dos seguintes canais:<\/p>\n<ul style=\"text-align: justify;\">\n<li>Telefone: 0800 170 8998<\/li>\n<li>PABX: 16 3363-8300<\/li>\n<li>E-mail: <a href=\"mailto:ouvidoria@eixosp.com.br\">ouvidoria@eixosp.com.br<\/a><\/li>\n<li>SISDemanda: https:\/\/eixosp.com.br\/sisdemanda\/<\/li>\n<\/ul>\n<p style=\"text-align: justify;\"><strong>\u00a0<\/strong><\/p>\n<p>&nbsp;<\/p>\n","protected":false},"excerpt":{"rendered":"<p>No dia 20 de maio de 2.023, na sede da ADEC, Rua Dom Pedro, 1279 em Dracena, aconteceu Audi\u00eancia P\u00fablica para discuss\u00e3o e sugest\u00e3o junto a Concession\u00e1ria Eixo que administra a Rodovia Comandante Jo\u00e3o Ribeiro de Barros. O \u00fanico representante da Imprensa de Dracena e regi\u00e3o no evento, Jorge Zanoni, representando o SITE JZ e [&hellip;]<\/p>\n","protected":false},"author":1,"featured_media":80838,"comment_status":"closed","ping_status":"open","sticky":false,"template":"","format":"standard","meta":{"footnotes":""},"categories":[180,110],"tags":[],"class_list":["post-80837","post","type-post","status-publish","format-standard","has-post-thumbnail","hentry","category-estradastransitoveiculos","category-noticiasdestaque"],"_links":{"self":[{"href":"https:\/\/jorgezanoni.com.br\/2019\/wp-json\/wp\/v2\/posts\/80837","targetHints":{"allow":["GET"]}}],"collection":[{"href":"https:\/\/jorgezanoni.com.br\/2019\/wp-json\/wp\/v2\/posts"}],"about":[{"href":"https:\/\/jorgezanoni.com.br\/2019\/wp-json\/wp\/v2\/types\/post"}],"author":[{"embeddable":true,"href":"https:\/\/jorgezanoni.com.br\/2019\/wp-json\/wp\/v2\/users\/1"}],"replies":[{"embeddable":true,"href":"https:\/\/jorgezanoni.com.br\/2019\/wp-json\/wp\/v2\/comments?post=80837"}],"version-history":[{"count":2,"href":"https:\/\/jorgezanoni.com.br\/2019\/wp-json\/wp\/v2\/posts\/80837\/revisions"}],"predecessor-version":[{"id":80840,"href":"https:\/\/jorgezanoni.com.br\/2019\/wp-json\/wp\/v2\/posts\/80837\/revisions\/80840"}],"wp:featuredmedia":[{"embeddable":true,"href":"https:\/\/jorgezanoni.com.br\/2019\/wp-json\/wp\/v2\/media\/80838"}],"wp:attachment":[{"href":"https:\/\/jorgezanoni.com.br\/2019\/wp-json\/wp\/v2\/media?parent=80837"}],"wp:term":[{"taxonomy":"category","embeddable":true,"href":"https:\/\/jorgezanoni.com.br\/2019\/wp-json\/wp\/v2\/categories?post=80837"},{"taxonomy":"post_tag","embeddable":true,"href":"https:\/\/jorgezanoni.com.br\/2019\/wp-json\/wp\/v2\/tags?post=80837"}],"curies":[{"name":"wp","href":"https:\/\/api.w.org\/{rel}","templated":true}]}}