{"id":80795,"date":"2023-09-21T17:23:37","date_gmt":"2023-09-21T17:23:37","guid":{"rendered":"https:\/\/jorgezanoni.com.br\/2019\/?p=80795"},"modified":"2023-09-21T17:23:37","modified_gmt":"2023-09-21T17:23:37","slug":"policia-civil-localiza-e-recupera-motocicleta-furtada-no-bairro-residencial-pitangueiras-ii-em-dracena","status":"publish","type":"post","link":"https:\/\/jorgezanoni.com.br\/2019\/policia-civil-localiza-e-recupera-motocicleta-furtada-no-bairro-residencial-pitangueiras-ii-em-dracena\/","title":{"rendered":"Pol\u00edcia Civil localiza e recupera motocicleta furtada no Bairro Residencial Pitangueiras II em Dracena"},"content":{"rendered":"<p style=\"text-align: justify;\">A Pol\u00edcia Civil, por interm\u00e9dio do Delegacia Seccional de Pol\u00edcia de Dracena, localizou na manh\u00e3 desta quinta-feira (21), uma motocicleta que havia sido furtada de uma resid\u00eancia no bairro Residencial Pitangueiras II, em Dracena (SP), na madrugada de ontem quarta-feira (20).<br \/>\nAgentes da Delegacia Seccional de Pol\u00edcia de Dracena realizavam dilig\u00eancias nas imedia\u00e7\u00f5es do bairro Frei Moacir, em Dracena (SP), quando foram alertados por um cidad\u00e3o a respeito que em uma \u00e1rea verde daquele referido bairro, tinha uma motocicleta de cor vermelha, ca\u00edda ao solo.<br \/>\nOs policiais civis foram ao local apontado para fazer a averigua\u00e7\u00e3o e localizaram a motocicleta citada. Ato continuo, ao ser pesquisado o emplacamento do ve\u00edculo encontrado foi constatado a exist\u00eancia de uma ocorr\u00eancia de crime de furto.<br \/>\nA motocicleta foi apreendida no Plant\u00e3o Policial de Dracena, e a v\u00edtima propriet\u00e1ria da moto foi comunicada sobre o encontro do ve\u00edculo. Ap\u00f3s finalizados os procedimentos de pol\u00edcia judici\u00e1rias, a motocicleta foi restitu\u00edda ao dono.<br \/>\nAs investiga\u00e7\u00f5es ter\u00e3o prosseguimento, com o objetivo de identificar e prender o autor do furto.<\/p>\n<p>Fonte: Com. Social Pol\u00edcia Civil<\/p>\n","protected":false},"excerpt":{"rendered":"<p>A Pol\u00edcia Civil, por interm\u00e9dio do Delegacia Seccional de Pol\u00edcia de Dracena, localizou na manh\u00e3 desta quinta-feira (21), uma motocicleta que havia sido furtada de uma resid\u00eancia no bairro Residencial Pitangueiras II, em Dracena (SP), na madrugada de ontem quarta-feira (20). Agentes da Delegacia Seccional de Pol\u00edcia de Dracena realizavam dilig\u00eancias nas imedia\u00e7\u00f5es do bairro [&hellip;]<\/p>\n","protected":false},"author":1,"featured_media":80796,"comment_status":"closed","ping_status":"open","sticky":false,"template":"","format":"standard","meta":{"footnotes":""},"categories":[110,2],"tags":[],"class_list":["post-80795","post","type-post","status-publish","format-standard","has-post-thumbnail","hentry","category-noticiasdestaque","category-policial"],"_links":{"self":[{"href":"https:\/\/jorgezanoni.com.br\/2019\/wp-json\/wp\/v2\/posts\/80795","targetHints":{"allow":["GET"]}}],"collection":[{"href":"https:\/\/jorgezanoni.com.br\/2019\/wp-json\/wp\/v2\/posts"}],"about":[{"href":"https:\/\/jorgezanoni.com.br\/2019\/wp-json\/wp\/v2\/types\/post"}],"author":[{"embeddable":true,"href":"https:\/\/jorgezanoni.com.br\/2019\/wp-json\/wp\/v2\/users\/1"}],"replies":[{"embeddable":true,"href":"https:\/\/jorgezanoni.com.br\/2019\/wp-json\/wp\/v2\/comments?post=80795"}],"version-history":[{"count":1,"href":"https:\/\/jorgezanoni.com.br\/2019\/wp-json\/wp\/v2\/posts\/80795\/revisions"}],"predecessor-version":[{"id":80797,"href":"https:\/\/jorgezanoni.com.br\/2019\/wp-json\/wp\/v2\/posts\/80795\/revisions\/80797"}],"wp:featuredmedia":[{"embeddable":true,"href":"https:\/\/jorgezanoni.com.br\/2019\/wp-json\/wp\/v2\/media\/80796"}],"wp:attachment":[{"href":"https:\/\/jorgezanoni.com.br\/2019\/wp-json\/wp\/v2\/media?parent=80795"}],"wp:term":[{"taxonomy":"category","embeddable":true,"href":"https:\/\/jorgezanoni.com.br\/2019\/wp-json\/wp\/v2\/categories?post=80795"},{"taxonomy":"post_tag","embeddable":true,"href":"https:\/\/jorgezanoni.com.br\/2019\/wp-json\/wp\/v2\/tags?post=80795"}],"curies":[{"name":"wp","href":"https:\/\/api.w.org\/{rel}","templated":true}]}}