{"id":80784,"date":"2023-09-21T15:53:34","date_gmt":"2023-09-21T15:53:34","guid":{"rendered":"https:\/\/jorgezanoni.com.br\/2019\/?p=80784"},"modified":"2023-09-21T15:53:34","modified_gmt":"2023-09-21T15:53:34","slug":"docente-da-fundec-conclui-mestrado-profa-maria-bernardete-dos-santos-torres","status":"publish","type":"post","link":"https:\/\/jorgezanoni.com.br\/2019\/docente-da-fundec-conclui-mestrado-profa-maria-bernardete-dos-santos-torres\/","title":{"rendered":"Docente da Fundec conclui Mestrado &#8211; Profa. Maria Bernardete dos Santos Torres"},"content":{"rendered":"<p style=\"text-align: justify;\"><span style=\"font-size: large;\">Docente dos cursos de Enfermagem, Pedagogia e Psicologia da Unifadra, a Profa. Maria Bernardete dos Santos Torres fez sua apresenta\u00e7\u00e3o de defesa no dia 25 de agosto e concluiu o Mestrado em Servi\u00e7o Social pela Unesp de Franca.<\/p>\n<p>Com a disserta\u00e7\u00e3o &#8220;Os programas de transfer\u00eancia de renda, Bolsa Fam\u00edlia e Aux\u00edlio Brasil: an\u00e1lise dos efeitos ideopol\u00edticos na prote\u00e7\u00e3o social brasileira&#8221;, a docente foi orientada pela Profa. Dra. Eliana Bolorino Canteiro Martins (Faculdade de Ci\u00eancias Humanas e Sociais &#8211; Unesp Franca). Al\u00e9m da orientadora, estiveram na banca de avalia\u00e7\u00e3o a Profa. Dra. Maria Jos\u00e9 de Oliveira Lima (Unesp Franca), a Profa. Dra. Solange Maria Teixeira (Departamento de Servi\u00e7o Social \/ Universidade Federal do Piau\u00ed &#8211; UFPI) e demais convidados.<\/p>\n<p>Segundo a professora, o estudo \u00e9 importante por avaliar o acesso \u00e0 prote\u00e7\u00e3o social, estabelecida constitucionalmente, por meio dos programas de transfer\u00eancia de renda. &#8220;Os impactos potenciais pretensos da pesquisa s\u00e3o convergentes com alguns dos &#8216;Objetivos de Desenvolvimento Sustent\u00e1veis&#8217;, com destaque para a erradica\u00e7\u00e3o da pobreza, redu\u00e7\u00e3o das desigualdades sociais e paz, justi\u00e7a e institui\u00e7\u00f5es eficazes. Al\u00e9m disso, os impactos esperados s\u00e3o: contribuir para mobilizar a reflex\u00e3o sobre a concep\u00e7\u00e3o de pobreza com vista a permitir interven\u00e7\u00f5es pautadas em quest\u00f5es estruturais e n\u00e3o individualizadas; constatar as reais intencionalidades das pol\u00edticas sociais para sua efetiva\u00e7\u00e3o como direito social e, tamb\u00e9m, identificar a l\u00f3gica residual, que pauta atualmente os programas de transfer\u00eancia de renda m\u00ednima, colocando em evid\u00eancia a perspectiva universalista e do direito social por meio do acesso \u00e0 pol\u00edtica p\u00fablica de qualidade, ampliando a concep\u00e7\u00e3o de seguridade social e prote\u00e7\u00e3o social&#8221;, finaliza Maria Bernardete.<\/p>\n<p>A dire\u00e7\u00e3o executiva da Fundec, a dire\u00e7\u00e3o acad\u00eamica e a coordena\u00e7\u00e3o da Unifadra parabenizam a professora Maria Bernardete dos Santos Torres pela conquista e ressaltam a import\u00e2ncia da busca cont\u00ednua do conhecimento para seu crescimento pessoal, bem como para a Institui\u00e7\u00e3o, que passa a contar no seu corpo docente com profissionais titulados, cada vez mais qualificados e sempre atualizados, contribuindo de forma significativa para o desenvolvimento de nossas unidades educacionais.<\/span><\/p>\n<p><img loading=\"lazy\" decoding=\"async\" class=\"alignnone size-full wp-image-80786\" src=\"https:\/\/jorgezanoni.com.br\/2019\/wp-content\/uploads\/2023\/09\/z-maria-1-Pequeno.jpeg\" alt=\"\" width=\"854\" height=\"480\" srcset=\"https:\/\/jorgezanoni.com.br\/2019\/wp-content\/uploads\/2023\/09\/z-maria-1-Pequeno.jpeg 854w, https:\/\/jorgezanoni.com.br\/2019\/wp-content\/uploads\/2023\/09\/z-maria-1-Pequeno-300x169.jpeg 300w, https:\/\/jorgezanoni.com.br\/2019\/wp-content\/uploads\/2023\/09\/z-maria-1-Pequeno-768x432.jpeg 768w, https:\/\/jorgezanoni.com.br\/2019\/wp-content\/uploads\/2023\/09\/z-maria-1-Pequeno-696x391.jpeg 696w, https:\/\/jorgezanoni.com.br\/2019\/wp-content\/uploads\/2023\/09\/z-maria-1-Pequeno-747x420.jpeg 747w\" sizes=\"auto, (max-width: 854px) 100vw, 854px\" \/>Fonte: Depto. de Comunica\u00e7\u00e3o da Fundec<\/p>\n","protected":false},"excerpt":{"rendered":"<p>Docente dos cursos de Enfermagem, Pedagogia e Psicologia da Unifadra, a Profa. Maria Bernardete dos Santos Torres fez sua apresenta\u00e7\u00e3o de defesa no dia 25 de agosto e concluiu o Mestrado em Servi\u00e7o Social pela Unesp de Franca. Com a disserta\u00e7\u00e3o &#8220;Os programas de transfer\u00eancia de renda, Bolsa Fam\u00edlia e Aux\u00edlio Brasil: an\u00e1lise dos efeitos [&hellip;]<\/p>\n","protected":false},"author":1,"featured_media":80785,"comment_status":"closed","ping_status":"open","sticky":false,"template":"","format":"standard","meta":{"footnotes":""},"categories":[110,122],"tags":[],"class_list":["post-80784","post","type-post","status-publish","format-standard","has-post-thumbnail","hentry","category-noticiasdestaque","category-saudeeducacaoeconcurso"],"_links":{"self":[{"href":"https:\/\/jorgezanoni.com.br\/2019\/wp-json\/wp\/v2\/posts\/80784","targetHints":{"allow":["GET"]}}],"collection":[{"href":"https:\/\/jorgezanoni.com.br\/2019\/wp-json\/wp\/v2\/posts"}],"about":[{"href":"https:\/\/jorgezanoni.com.br\/2019\/wp-json\/wp\/v2\/types\/post"}],"author":[{"embeddable":true,"href":"https:\/\/jorgezanoni.com.br\/2019\/wp-json\/wp\/v2\/users\/1"}],"replies":[{"embeddable":true,"href":"https:\/\/jorgezanoni.com.br\/2019\/wp-json\/wp\/v2\/comments?post=80784"}],"version-history":[{"count":1,"href":"https:\/\/jorgezanoni.com.br\/2019\/wp-json\/wp\/v2\/posts\/80784\/revisions"}],"predecessor-version":[{"id":80787,"href":"https:\/\/jorgezanoni.com.br\/2019\/wp-json\/wp\/v2\/posts\/80784\/revisions\/80787"}],"wp:featuredmedia":[{"embeddable":true,"href":"https:\/\/jorgezanoni.com.br\/2019\/wp-json\/wp\/v2\/media\/80785"}],"wp:attachment":[{"href":"https:\/\/jorgezanoni.com.br\/2019\/wp-json\/wp\/v2\/media?parent=80784"}],"wp:term":[{"taxonomy":"category","embeddable":true,"href":"https:\/\/jorgezanoni.com.br\/2019\/wp-json\/wp\/v2\/categories?post=80784"},{"taxonomy":"post_tag","embeddable":true,"href":"https:\/\/jorgezanoni.com.br\/2019\/wp-json\/wp\/v2\/tags?post=80784"}],"curies":[{"name":"wp","href":"https:\/\/api.w.org\/{rel}","templated":true}]}}