{"id":8078,"date":"2019-10-07T23:42:00","date_gmt":"2019-10-07T23:42:00","guid":{"rendered":"https:\/\/jorgezanoni.com.br\/2019\/?p=8078"},"modified":"2019-10-07T23:42:00","modified_gmt":"2019-10-07T23:42:00","slug":"acidente-entre-veiculos-na-regiao-central-apenas-com-danos-materiais","status":"publish","type":"post","link":"https:\/\/jorgezanoni.com.br\/2019\/acidente-entre-veiculos-na-regiao-central-apenas-com-danos-materiais\/","title":{"rendered":"Acidente entre ve\u00edculos na regi\u00e3o central apenas com danos materiais"},"content":{"rendered":"<p style=\"text-align: justify;\"><strong>Mulher n\u00e3o observa sinal de parada obrigat\u00f3ria, invade preferencial e provoca acidente.<\/strong><\/p>\n<p><img loading=\"lazy\" decoding=\"async\" class=\"alignnone size-full wp-image-8079\" src=\"https:\/\/jorgezanoni.com.br\/2019\/wp-content\/uploads\/2019\/10\/IMG_9411-2.jpg\" alt=\"\" width=\"900\" height=\"447\" srcset=\"https:\/\/jorgezanoni.com.br\/2019\/wp-content\/uploads\/2019\/10\/IMG_9411-2.jpg 900w, https:\/\/jorgezanoni.com.br\/2019\/wp-content\/uploads\/2019\/10\/IMG_9411-2-300x149.jpg 300w, https:\/\/jorgezanoni.com.br\/2019\/wp-content\/uploads\/2019\/10\/IMG_9411-2-768x381.jpg 768w, https:\/\/jorgezanoni.com.br\/2019\/wp-content\/uploads\/2019\/10\/IMG_9411-2-324x160.jpg 324w, https:\/\/jorgezanoni.com.br\/2019\/wp-content\/uploads\/2019\/10\/IMG_9411-2-696x346.jpg 696w, https:\/\/jorgezanoni.com.br\/2019\/wp-content\/uploads\/2019\/10\/IMG_9411-2-846x420.jpg 846w\" sizes=\"auto, (max-width: 900px) 100vw, 900px\" \/><\/p>\n<p style=\"text-align: justify;\">Por volta de 17:00 Horas desta segunda-feira (7), aconteceu um acidente de tr\u00e2nsito na esquina das ruas Thom\u00e9 de Souza com a S\u00e3o Paulo.<\/p>\n<p><img loading=\"lazy\" decoding=\"async\" class=\"alignnone size-full wp-image-8082\" src=\"https:\/\/jorgezanoni.com.br\/2019\/wp-content\/uploads\/2019\/10\/IMG_9413.jpg\" alt=\"\" width=\"900\" height=\"599\" srcset=\"https:\/\/jorgezanoni.com.br\/2019\/wp-content\/uploads\/2019\/10\/IMG_9413.jpg 900w, https:\/\/jorgezanoni.com.br\/2019\/wp-content\/uploads\/2019\/10\/IMG_9413-300x200.jpg 300w, https:\/\/jorgezanoni.com.br\/2019\/wp-content\/uploads\/2019\/10\/IMG_9413-768x511.jpg 768w, https:\/\/jorgezanoni.com.br\/2019\/wp-content\/uploads\/2019\/10\/IMG_9413-696x463.jpg 696w, https:\/\/jorgezanoni.com.br\/2019\/wp-content\/uploads\/2019\/10\/IMG_9413-631x420.jpg 631w\" sizes=\"auto, (max-width: 900px) 100vw, 900px\" \/><\/p>\n<p style=\"text-align: justify;\">Segundo informa\u00e7\u00f5es obtidas no local pela reportagem do Site JZ, um ve\u00edculo Volkswagem Parati placas de Dracena dirigido por um idoso de 67 anos, fazia o sentido bairro-centro pela rua S\u00e3o Paulo, quando na esquina com a rua Thom\u00e9 de Souza, uma mulher de 36 anos condutora de um ve\u00edculo Fiat Uno placas de Dracena quer fazia o sentide AME ao centro, n\u00e3o teria obedecido o sinal de Pare, invadido a via preferencial e provocado o acidente.<\/p>\n<p><img loading=\"lazy\" decoding=\"async\" class=\"alignnone size-full wp-image-8081\" src=\"https:\/\/jorgezanoni.com.br\/2019\/wp-content\/uploads\/2019\/10\/IMG_9414.jpg\" alt=\"\" width=\"900\" height=\"599\" srcset=\"https:\/\/jorgezanoni.com.br\/2019\/wp-content\/uploads\/2019\/10\/IMG_9414.jpg 900w, https:\/\/jorgezanoni.com.br\/2019\/wp-content\/uploads\/2019\/10\/IMG_9414-300x200.jpg 300w, https:\/\/jorgezanoni.com.br\/2019\/wp-content\/uploads\/2019\/10\/IMG_9414-768x511.jpg 768w, https:\/\/jorgezanoni.com.br\/2019\/wp-content\/uploads\/2019\/10\/IMG_9414-696x463.jpg 696w, https:\/\/jorgezanoni.com.br\/2019\/wp-content\/uploads\/2019\/10\/IMG_9414-631x420.jpg 631w\" sizes=\"auto, (max-width: 900px) 100vw, 900px\" \/><\/p>\n<p style=\"text-align: justify;\">Ningu\u00e9m ficou ferido, por\u00e9m os dois ve\u00edculos tiveram muitos danos. Os carros foram encaminhados pela Pol\u00edcia Militar para a 1\u00aa Cia, onde seria elaborado o Boletim de ocorr\u00eancia.<\/p>\n<p><img loading=\"lazy\" decoding=\"async\" class=\"alignnone size-full wp-image-8083\" src=\"https:\/\/jorgezanoni.com.br\/2019\/wp-content\/uploads\/2019\/10\/IMG_9414-1.jpg\" alt=\"\" width=\"900\" height=\"599\" srcset=\"https:\/\/jorgezanoni.com.br\/2019\/wp-content\/uploads\/2019\/10\/IMG_9414-1.jpg 900w, https:\/\/jorgezanoni.com.br\/2019\/wp-content\/uploads\/2019\/10\/IMG_9414-1-300x200.jpg 300w, https:\/\/jorgezanoni.com.br\/2019\/wp-content\/uploads\/2019\/10\/IMG_9414-1-768x511.jpg 768w, https:\/\/jorgezanoni.com.br\/2019\/wp-content\/uploads\/2019\/10\/IMG_9414-1-696x463.jpg 696w, https:\/\/jorgezanoni.com.br\/2019\/wp-content\/uploads\/2019\/10\/IMG_9414-1-631x420.jpg 631w\" sizes=\"auto, (max-width: 900px) 100vw, 900px\" \/> <img loading=\"lazy\" decoding=\"async\" class=\"alignnone size-full wp-image-8084\" src=\"https:\/\/jorgezanoni.com.br\/2019\/wp-content\/uploads\/2019\/10\/IMG_9415.jpg\" alt=\"\" width=\"900\" height=\"599\" srcset=\"https:\/\/jorgezanoni.com.br\/2019\/wp-content\/uploads\/2019\/10\/IMG_9415.jpg 900w, https:\/\/jorgezanoni.com.br\/2019\/wp-content\/uploads\/2019\/10\/IMG_9415-300x200.jpg 300w, https:\/\/jorgezanoni.com.br\/2019\/wp-content\/uploads\/2019\/10\/IMG_9415-768x511.jpg 768w, https:\/\/jorgezanoni.com.br\/2019\/wp-content\/uploads\/2019\/10\/IMG_9415-696x463.jpg 696w, https:\/\/jorgezanoni.com.br\/2019\/wp-content\/uploads\/2019\/10\/IMG_9415-631x420.jpg 631w\" sizes=\"auto, (max-width: 900px) 100vw, 900px\" \/> <img loading=\"lazy\" decoding=\"async\" class=\"alignnone size-full wp-image-8085\" src=\"https:\/\/jorgezanoni.com.br\/2019\/wp-content\/uploads\/2019\/10\/IMG_9416.jpg\" alt=\"\" width=\"900\" height=\"599\" srcset=\"https:\/\/jorgezanoni.com.br\/2019\/wp-content\/uploads\/2019\/10\/IMG_9416.jpg 900w, https:\/\/jorgezanoni.com.br\/2019\/wp-content\/uploads\/2019\/10\/IMG_9416-300x200.jpg 300w, https:\/\/jorgezanoni.com.br\/2019\/wp-content\/uploads\/2019\/10\/IMG_9416-768x511.jpg 768w, https:\/\/jorgezanoni.com.br\/2019\/wp-content\/uploads\/2019\/10\/IMG_9416-696x463.jpg 696w, https:\/\/jorgezanoni.com.br\/2019\/wp-content\/uploads\/2019\/10\/IMG_9416-631x420.jpg 631w\" sizes=\"auto, (max-width: 900px) 100vw, 900px\" \/><\/p>\n<p style=\"text-align: justify;\">Jorge Zanoni<\/p>\n<p>&nbsp;<\/p>\n","protected":false},"excerpt":{"rendered":"<p>Mulher n\u00e3o observa sinal de parada obrigat\u00f3ria, invade preferencial e provoca acidente. Por volta de 17:00 Horas desta segunda-feira (7), aconteceu um acidente de tr\u00e2nsito na esquina das ruas Thom\u00e9 de Souza com a S\u00e3o Paulo. Segundo informa\u00e7\u00f5es obtidas no local pela reportagem do Site JZ, um ve\u00edculo Volkswagem Parati placas de Dracena dirigido por [&hellip;]<\/p>\n","protected":false},"author":1,"featured_media":8086,"comment_status":"closed","ping_status":"open","sticky":false,"template":"","format":"standard","meta":{"footnotes":""},"categories":[170,110],"tags":[],"class_list":["post-8078","post","type-post","status-publish","format-standard","has-post-thumbnail","hentry","category-acidentes","category-noticiasdestaque"],"_links":{"self":[{"href":"https:\/\/jorgezanoni.com.br\/2019\/wp-json\/wp\/v2\/posts\/8078","targetHints":{"allow":["GET"]}}],"collection":[{"href":"https:\/\/jorgezanoni.com.br\/2019\/wp-json\/wp\/v2\/posts"}],"about":[{"href":"https:\/\/jorgezanoni.com.br\/2019\/wp-json\/wp\/v2\/types\/post"}],"author":[{"embeddable":true,"href":"https:\/\/jorgezanoni.com.br\/2019\/wp-json\/wp\/v2\/users\/1"}],"replies":[{"embeddable":true,"href":"https:\/\/jorgezanoni.com.br\/2019\/wp-json\/wp\/v2\/comments?post=8078"}],"version-history":[{"count":0,"href":"https:\/\/jorgezanoni.com.br\/2019\/wp-json\/wp\/v2\/posts\/8078\/revisions"}],"wp:featuredmedia":[{"embeddable":true,"href":"https:\/\/jorgezanoni.com.br\/2019\/wp-json\/wp\/v2\/media\/8086"}],"wp:attachment":[{"href":"https:\/\/jorgezanoni.com.br\/2019\/wp-json\/wp\/v2\/media?parent=8078"}],"wp:term":[{"taxonomy":"category","embeddable":true,"href":"https:\/\/jorgezanoni.com.br\/2019\/wp-json\/wp\/v2\/categories?post=8078"},{"taxonomy":"post_tag","embeddable":true,"href":"https:\/\/jorgezanoni.com.br\/2019\/wp-json\/wp\/v2\/tags?post=8078"}],"curies":[{"name":"wp","href":"https:\/\/api.w.org\/{rel}","templated":true}]}}