{"id":80779,"date":"2023-09-21T15:45:02","date_gmt":"2023-09-21T15:45:02","guid":{"rendered":"https:\/\/jorgezanoni.com.br\/2019\/?p=80779"},"modified":"2023-09-21T15:45:02","modified_gmt":"2023-09-21T15:45:02","slug":"congresso-da-medicina-de-dracena-auxilia-na-preparacao-de-estudantes-para-as-carreiras-clinica-e-academica","status":"publish","type":"post","link":"https:\/\/jorgezanoni.com.br\/2019\/congresso-da-medicina-de-dracena-auxilia-na-preparacao-de-estudantes-para-as-carreiras-clinica-e-academica\/","title":{"rendered":"Congresso da Medicina de Dracena auxilia na prepara\u00e7\u00e3o de estudantes para as carreiras cl\u00ednica e acad\u00eamica"},"content":{"rendered":"<p style=\"text-align: justify;\"><strong><span style=\"font-size: large;\"><i>Realizado na Unifadra, o evento reuniu 230 inscritos e diversos convidados.<\/i><\/span><\/strong><\/p>\n<p style=\"text-align: justify;\"><span style=\"font-size: large;\">Foi promovido nos dias 13, 14 e 15 de setembro o IV Congresso Acad\u00eamico de Medicina de Dracena (CAMED), evento organizado pelos alunos do Centro Acad\u00eamico &#8220;Maria Bras\u00edlia Leme Lopes&#8221; (CAMBRA) em parceria com a Unifadra.<\/span><\/p>\n<p><span style=\"font-size: large;\">Composto pela sele\u00e7\u00e3o de trabalhos de inicia\u00e7\u00e3o cient\u00edfica, pela exibi\u00e7\u00e3o de p\u00f4steres acad\u00eamicos e por palestras de especialistas, o evento contou com 230 inscri\u00e7\u00f5es de estudantes da Unifadra, de institui\u00e7\u00f5es da regi\u00e3o e da comunidade m\u00e9dica.<\/span><\/p>\n<p><span style=\"font-size: large;\">O tema deste ano foi Cl\u00ednica Geral e as palestras escolhidas\u00a0<\/span>visaram<span style=\"font-size: large;\">\u00a0enriquecer a futura atua\u00e7\u00e3o generalista dos estudantes, com o compartilhamento de experi\u00eancias de diversos m\u00e9dicos especialistas.<\/span><\/p>\n<p><span style=\"font-size: large;\">O ciclo de palestras foi iniciado na quarta-feira (13) pelo cardiologista Guilherme Neif, que\u00a0<\/span>focou desenvolver<span style=\"font-size: large;\">\u00a0o racioc\u00ednio cl\u00ednico para diagnosticar e tratar infarto agudo do mioc\u00e1rdio. A segunda palestra da noite foi ministrada pela pediatra neonatologista Gabriela Reigota, que ressaltou a import\u00e2ncia de o pediatra dominar as situa\u00e7\u00f5es de reanima\u00e7\u00e3o de rec\u00e9m-nascidos para atuar na sala de parto.<\/span><\/p>\n<p><span style=\"font-size: large;\">Os acad\u00eamicos prestaram homenagens ao Prof. Me. Marcelo Valentim Mansano e \u00e0 Profa.\u00a0<\/span>Dra<span style=\"font-size: large;\">. Joyce Mendes Gomes por sua dedica\u00e7\u00e3o ao ensino e lan\u00e7aram o pr\u00eamio &#8220;Dra. Marilda Milanez Morgado de Abreu&#8221;, destinado ao reconhecimento de importantes profissionais m\u00e9dicos. O primeiro homenageado foi o Dr. Sylvio Adir Miguel, que, entre muitas outras realiza\u00e7\u00f5es, foi respons\u00e1vel pelo Banco de Sangue da cidade de Dracena por 35 anos e por cerca de 18.000 partos ao longo de sua carreira.<\/span><\/p>\n<p><span style=\"font-size: large;\">Tamb\u00e9m foi aberta a exposi\u00e7\u00e3o de 11\u00a0<\/span>p\u00f4steres<span style=\"font-size: large;\">\u00a0com trabalhos de inicia\u00e7\u00e3o cient\u00edfica \u00a0selecionados pela banca avaliadora do curso de Medicina da Unifadra.<\/span><\/p>\n<p><span style=\"font-size: large;\">Na segunda noite do congresso (14), o m\u00e9dico neurocirurgi\u00e3o Carlos A. dos Santos Filho, tamb\u00e9m professor da Medicina da Unifadra, tratou de traumatismo cranioencef\u00e1lico e dos protocolos adotados em pronto atendimento. J\u00e1 a m\u00e9dica ginecologista e obstetra Ligia Maria falou sobre emerg\u00eancias relacionadas \u00e0 sa\u00fade da mulher com as quais os generalistas podem se deparar.<\/span><\/p>\n<p><span style=\"font-size: large;\">A \u00faltima palestra da edi\u00e7\u00e3o foi a da psiquiatra e docente da Unifadra Raquel Santin Bonfim, que falou sobre a atua\u00e7\u00e3o do cl\u00ednico diante de emerg\u00eancias psiqui\u00e1tricas e compartilhou algumas de suas experi\u00eancias.<\/span><\/p>\n<p><span style=\"font-size: large;\">No terceiro e \u00faltimo dia do CAMED 2023, o foco foram as apresenta\u00e7\u00f5es orais dos cinco melhores trabalhos de inicia\u00e7\u00e3o cient\u00edfica segundo a avalia\u00e7\u00e3o da banca.<\/span><\/p>\n<p><span style=\"font-size: large;\">O IV CAMED foi presidido pela Profa.\u00a0<\/span>Dra<span style=\"font-size: large;\">. Joyce Mendes Gomes e pela discente Ana Beatriz Silva Mendon\u00e7a, acad\u00eamica do 6\u00ba termo de Medicina da Unifadra Dracena e presidente do CAMBRA &#8211; Centro Acad\u00eamico Maria Bras\u00edlia Leme Lopes.<\/span><\/p>\n<p><img loading=\"lazy\" decoding=\"async\" class=\"alignnone size-full wp-image-80780\" src=\"https:\/\/jorgezanoni.com.br\/2019\/wp-content\/uploads\/2023\/09\/z-camed-Pequeno.jpg\" alt=\"\" width=\"640\" height=\"480\" srcset=\"https:\/\/jorgezanoni.com.br\/2019\/wp-content\/uploads\/2023\/09\/z-camed-Pequeno.jpg 640w, https:\/\/jorgezanoni.com.br\/2019\/wp-content\/uploads\/2023\/09\/z-camed-Pequeno-300x225.jpg 300w, https:\/\/jorgezanoni.com.br\/2019\/wp-content\/uploads\/2023\/09\/z-camed-Pequeno-80x60.jpg 80w, https:\/\/jorgezanoni.com.br\/2019\/wp-content\/uploads\/2023\/09\/z-camed-Pequeno-265x198.jpg 265w, https:\/\/jorgezanoni.com.br\/2019\/wp-content\/uploads\/2023\/09\/z-camed-Pequeno-560x420.jpg 560w\" sizes=\"auto, (max-width: 640px) 100vw, 640px\" \/> <img loading=\"lazy\" decoding=\"async\" class=\"alignnone size-full wp-image-80781\" src=\"https:\/\/jorgezanoni.com.br\/2019\/wp-content\/uploads\/2023\/09\/Z-Camed2-Pequeno.jpg\" alt=\"\" width=\"480\" height=\"640\" srcset=\"https:\/\/jorgezanoni.com.br\/2019\/wp-content\/uploads\/2023\/09\/Z-Camed2-Pequeno.jpg 480w, https:\/\/jorgezanoni.com.br\/2019\/wp-content\/uploads\/2023\/09\/Z-Camed2-Pequeno-225x300.jpg 225w, https:\/\/jorgezanoni.com.br\/2019\/wp-content\/uploads\/2023\/09\/Z-Camed2-Pequeno-315x420.jpg 315w\" sizes=\"auto, (max-width: 480px) 100vw, 480px\" \/><\/p>\n<p>Fonte: Depto. de Comunica\u00e7\u00e3o da Fundec<\/p>\n","protected":false},"excerpt":{"rendered":"<p>Realizado na Unifadra, o evento reuniu 230 inscritos e diversos convidados. Foi promovido nos dias 13, 14 e 15 de setembro o IV Congresso Acad\u00eamico de Medicina de Dracena (CAMED), evento organizado pelos alunos do Centro Acad\u00eamico &#8220;Maria Bras\u00edlia Leme Lopes&#8221; (CAMBRA) em parceria com a Unifadra. Composto pela sele\u00e7\u00e3o de trabalhos de inicia\u00e7\u00e3o cient\u00edfica, [&hellip;]<\/p>\n","protected":false},"author":1,"featured_media":80782,"comment_status":"closed","ping_status":"open","sticky":false,"template":"","format":"standard","meta":{"footnotes":""},"categories":[110,122],"tags":[],"class_list":["post-80779","post","type-post","status-publish","format-standard","has-post-thumbnail","hentry","category-noticiasdestaque","category-saudeeducacaoeconcurso"],"_links":{"self":[{"href":"https:\/\/jorgezanoni.com.br\/2019\/wp-json\/wp\/v2\/posts\/80779","targetHints":{"allow":["GET"]}}],"collection":[{"href":"https:\/\/jorgezanoni.com.br\/2019\/wp-json\/wp\/v2\/posts"}],"about":[{"href":"https:\/\/jorgezanoni.com.br\/2019\/wp-json\/wp\/v2\/types\/post"}],"author":[{"embeddable":true,"href":"https:\/\/jorgezanoni.com.br\/2019\/wp-json\/wp\/v2\/users\/1"}],"replies":[{"embeddable":true,"href":"https:\/\/jorgezanoni.com.br\/2019\/wp-json\/wp\/v2\/comments?post=80779"}],"version-history":[{"count":1,"href":"https:\/\/jorgezanoni.com.br\/2019\/wp-json\/wp\/v2\/posts\/80779\/revisions"}],"predecessor-version":[{"id":80783,"href":"https:\/\/jorgezanoni.com.br\/2019\/wp-json\/wp\/v2\/posts\/80779\/revisions\/80783"}],"wp:featuredmedia":[{"embeddable":true,"href":"https:\/\/jorgezanoni.com.br\/2019\/wp-json\/wp\/v2\/media\/80782"}],"wp:attachment":[{"href":"https:\/\/jorgezanoni.com.br\/2019\/wp-json\/wp\/v2\/media?parent=80779"}],"wp:term":[{"taxonomy":"category","embeddable":true,"href":"https:\/\/jorgezanoni.com.br\/2019\/wp-json\/wp\/v2\/categories?post=80779"},{"taxonomy":"post_tag","embeddable":true,"href":"https:\/\/jorgezanoni.com.br\/2019\/wp-json\/wp\/v2\/tags?post=80779"}],"curies":[{"name":"wp","href":"https:\/\/api.w.org\/{rel}","templated":true}]}}