{"id":80761,"date":"2023-09-20T16:59:14","date_gmt":"2023-09-20T16:59:14","guid":{"rendered":"https:\/\/jorgezanoni.com.br\/2019\/?p=80761"},"modified":"2023-09-20T16:59:14","modified_gmt":"2023-09-20T16:59:14","slug":"novos-radares-entram-em-operacao-neste-domingo-na-regiao","status":"publish","type":"post","link":"https:\/\/jorgezanoni.com.br\/2019\/novos-radares-entram-em-operacao-neste-domingo-na-regiao\/","title":{"rendered":"Novos RADARES entram em opera\u00e7\u00e3o neste domingo na regi\u00e3o."},"content":{"rendered":"<p style=\"text-align: justify;\"><strong><em>Rodovias administradas pela Eixo SP passam a contar com onze novos equipamentos ap\u00f3s homologa\u00e7\u00e3o do DER.<\/em><\/strong><\/p>\n<p style=\"text-align: justify;\">Onze novos radares entrar\u00e3o em opera\u00e7\u00e3o em rodovias administradas pela Eixo SP, a partir deste domingo (24). Ser\u00e3o quatro equipamentos na SP 294 \u2013 Comandante Jo\u00e3o Ribeiro de Barros, tr\u00eas na SP 310 \u2013 Rodovia Washington Lu\u00eds, tr\u00eas na SP 425 \u2013 Rodovia Assis Chateaubriand e um na SP 304 \u2013 Rodovia Luiz de Queiroz.<\/p>\n<p style=\"text-align: justify;\">O in\u00edcio da fiscaliza\u00e7\u00e3o nestes novos pontos ocorre ap\u00f3s homologa\u00e7\u00e3o do Departamento de Estradas de Rodagem (DER), \u00f3rg\u00e3o respons\u00e1vel pela aplica\u00e7\u00e3o das multas. A instala\u00e7\u00e3o e a opera\u00e7\u00e3o dos radares atendem a uma determina\u00e7\u00e3o do contrato de concess\u00e3o. Os equipamentos, segundo a coordenadora de Seguran\u00e7a Vi\u00e1ria da Eixo SP, Viviane Riveli de Carvalho, auxiliam na preserva\u00e7\u00e3o da seguran\u00e7a do usu\u00e1rio por meio da fiscaliza\u00e7\u00e3o da velocidade m\u00e1xima permitida na rodovia. De acordo com ela, a velocidade excessiva \u00e9 um dos principais fatores que contribuem para o registro de acidentes.<\/p>\n<p style=\"text-align: justify;\">Veja abaixo os locais onde come\u00e7am a operar os novos equipamentos.<\/p>\n<p style=\"text-align: justify;\">SP 294 \u2013 km 446+000 (pista sentido oeste) \u2013 Mar\u00edlia<\/p>\n<p style=\"text-align: justify;\">SP 294 \u2013 km 447+300 (pista sentido oeste) \u2013 Mar\u00edlia<\/p>\n<p style=\"text-align: justify;\">SP 294 \u2013 km 596+350 (pista sentido oeste) \u2013 Adamantina<\/p>\n<p style=\"text-align: justify;\">SP 294 \u2013 km 651+000 (pista sentido leste) \u2013 Dracena<\/p>\n<p style=\"text-align: justify;\">SP 304 \u2013 km 169+140 (pista sentido oeste) \u2013 Piracicaba<\/p>\n<p style=\"text-align: justify;\">SP 425 \u2013 km 430+200 (pista sentido sul) \u2013 Martin\u00f3polis<\/p>\n<p style=\"text-align: justify;\">SP 425 \u2013 km 440+000 (pista sentido norte) \u2013 Indiana<\/p>\n<p style=\"text-align: justify;\">SP 425 \u2013 km 445+000 (pista sentido sul) \u2013 Regente Feij\u00f3<\/p>\n<p style=\"text-align: justify;\">SP 310 \u2013 km 182+425 (pista sentido sul) \u2013 Rio Claro<\/p>\n<p style=\"text-align: justify;\">SP 310 \u2013 km 188+400 (pista sentido sul) \u2013 Corumbata\u00ed<\/p>\n<p style=\"text-align: justify;\">SP 310 \u2013 km 195+600 (pista sentido sul) \u2013 Corumbata\u00ed<\/p>\n<p style=\"text-align: justify;\">Em Dracena para quem faz o sentido Panorama\/S\u00e3o Paulo (Leste), fica antes da rotat\u00f3ria da UNESP, j\u00e1 em Adamantina para quem faz o sentido S\u00e3o Paulo\/Panorama, pr\u00f3ximo a chegada da entrada para o Bairro Lagoa Seca.<\/p>\n<p style=\"text-align: justify;\">J\u00e1 est\u00e1 em funcionamento desde 03\/08\/23, o Radar do KM. 631,850 da Rodovia Comandante Jo\u00e3o Ribeiro de Barros (SP-294), (foto da capa), em Junqueir\u00f3polis tamb\u00e9m sentido (Leste), pr\u00f3ximo da entrada do Bairro Salgado Filho.<\/p>\n<p>Fonte: Concession\u00e1ria Eixo.<\/p>\n","protected":false},"excerpt":{"rendered":"<p>Rodovias administradas pela Eixo SP passam a contar com onze novos equipamentos ap\u00f3s homologa\u00e7\u00e3o do DER. Onze novos radares entrar\u00e3o em opera\u00e7\u00e3o em rodovias administradas pela Eixo SP, a partir deste domingo (24). Ser\u00e3o quatro equipamentos na SP 294 \u2013 Comandante Jo\u00e3o Ribeiro de Barros, tr\u00eas na SP 310 \u2013 Rodovia Washington Lu\u00eds, tr\u00eas na [&hellip;]<\/p>\n","protected":false},"author":1,"featured_media":80762,"comment_status":"closed","ping_status":"open","sticky":false,"template":"","format":"standard","meta":{"footnotes":""},"categories":[180,110],"tags":[],"class_list":["post-80761","post","type-post","status-publish","format-standard","has-post-thumbnail","hentry","category-estradastransitoveiculos","category-noticiasdestaque"],"_links":{"self":[{"href":"https:\/\/jorgezanoni.com.br\/2019\/wp-json\/wp\/v2\/posts\/80761","targetHints":{"allow":["GET"]}}],"collection":[{"href":"https:\/\/jorgezanoni.com.br\/2019\/wp-json\/wp\/v2\/posts"}],"about":[{"href":"https:\/\/jorgezanoni.com.br\/2019\/wp-json\/wp\/v2\/types\/post"}],"author":[{"embeddable":true,"href":"https:\/\/jorgezanoni.com.br\/2019\/wp-json\/wp\/v2\/users\/1"}],"replies":[{"embeddable":true,"href":"https:\/\/jorgezanoni.com.br\/2019\/wp-json\/wp\/v2\/comments?post=80761"}],"version-history":[{"count":1,"href":"https:\/\/jorgezanoni.com.br\/2019\/wp-json\/wp\/v2\/posts\/80761\/revisions"}],"predecessor-version":[{"id":80763,"href":"https:\/\/jorgezanoni.com.br\/2019\/wp-json\/wp\/v2\/posts\/80761\/revisions\/80763"}],"wp:featuredmedia":[{"embeddable":true,"href":"https:\/\/jorgezanoni.com.br\/2019\/wp-json\/wp\/v2\/media\/80762"}],"wp:attachment":[{"href":"https:\/\/jorgezanoni.com.br\/2019\/wp-json\/wp\/v2\/media?parent=80761"}],"wp:term":[{"taxonomy":"category","embeddable":true,"href":"https:\/\/jorgezanoni.com.br\/2019\/wp-json\/wp\/v2\/categories?post=80761"},{"taxonomy":"post_tag","embeddable":true,"href":"https:\/\/jorgezanoni.com.br\/2019\/wp-json\/wp\/v2\/tags?post=80761"}],"curies":[{"name":"wp","href":"https:\/\/api.w.org\/{rel}","templated":true}]}}