{"id":80720,"date":"2023-09-18T21:14:09","date_gmt":"2023-09-18T21:14:09","guid":{"rendered":"https:\/\/jorgezanoni.com.br\/2019\/?p=80720"},"modified":"2023-09-18T21:14:09","modified_gmt":"2023-09-18T21:14:09","slug":"feira-de-profissoes-sera-realizada-na-proxima-semana","status":"publish","type":"post","link":"https:\/\/jorgezanoni.com.br\/2019\/feira-de-profissoes-sera-realizada-na-proxima-semana\/","title":{"rendered":"Feira de Profiss\u00f5es ser\u00e1 realizada na pr\u00f3xima semana"},"content":{"rendered":"<p style=\"text-align: justify;\"><span style=\"font-size: large;\">Nos dias 27 e 28 de setembro, ser\u00e1 realizada a Feira de Profiss\u00f5es da Fundec, no Gin\u00e1sio Galen\u00e3o, em Dracena. O evento \u00e9 aberto ao p\u00fablico, totalmente gratuito e conta com estandes din\u00e2micos sobre diversas profiss\u00f5es. As escolas ou grupos grandes dever\u00e3o agendar o hor\u00e1rio de visita\u00e7\u00e3o pelo link: <a href=\"https:\/\/linktr.ee\/fundec\" target=\"_blank\" rel=\"noopener noreferrer\">https:\/\/linktr.ee\/fundec<\/a>\u00a0.<\/span><\/p>\n<p><span style=\"font-size: large;\">A Feira \u00e9 realizada anualmente e re\u00fane a Unifadra (cursos superiores) e o CEP\/UME (cursos t\u00e9cnicos), unidades mantidas pela Fundec, para apresentar aos estudantes e demais interessados o ambiente dos cursos t\u00e9cnicos e superiores e falar um pouco sobre o exerc\u00edcio da profiss\u00e3o e suas possibilidades no mercado de trabalho.<\/span><\/p>\n<p><span style=\"font-size: large;\">A diretora do CEP\/UME C\u00e1tia Afonso enfatiza que a Feira de Profiss\u00f5es ajuda os jovens a realizar uma escolha mais assertiva, al\u00e9m de apresentar os diferenciais da forma\u00e7\u00e3o t\u00e9cnica e os cursos oferecidos pelo CEP\/UME, que s\u00e3o uma \u00f3tima op\u00e7\u00e3o para quem tem pressa em se qualificar para o mercado de trabalho.<\/span><\/p>\n<p><span style=\"font-size: large;\">Al\u00e9m disso, quem for iniciar o 1\u00ba ano do Ensino M\u00e9dio em 2024 ter\u00e1 a oportunidade de conhecer o Ensino M\u00e9dio Integrado a Jogos Digitais! O estudante vai cursar o Ensino M\u00e9dio ao mesmo tempo em que recebe a forma\u00e7\u00e3o de t\u00e9cnico em Jogos Digitais, uma profiss\u00e3o em alta no mercado de trabalho.<\/span><\/p>\n<p><span style=\"font-size: large;\">O diretor acad\u00eamico da Unifadra Enio Garbelini destaca que a feira est\u00e1 sendo muito aguardada, n\u00e3o somente pelos visitantes, mas pelos alunos e docentes da institui\u00e7\u00e3o, pois externa todas as possibilidades ofertadas pelos cursos da Unifadra, auxiliando os estudantes na escolha de futuras profiss\u00f5es.<\/span><\/p>\n<p><span style=\"font-size: large;\">SE LIGA NA DICA: os alunos do 3\u00ba ano do ensino m\u00e9dio podem realizar sua inscri\u00e7\u00e3o para o sorteio de bolsas de estudos de 50% de desconto para os cursos da Unifadra! Para concorrer, \u00e9 necess\u00e1rio fazer sua inscri\u00e7\u00e3o durante o evento e informar um n\u00famero de documento (RG ou CPF). O edital do sorteio est\u00e1 dispon\u00edvel em:\u00a0<a href=\"https:\/\/linktr.ee\/fundec\" target=\"_blank\" rel=\"noopener noreferrer\">https:\/\/linktr.ee\/fundec<\/a>\u00a0.<\/span><\/p>\n<p><span style=\"font-size: large;\"><b>Feira de Profiss\u00f5es, no Gin\u00e1sio Galen\u00e3o, em Dracena<\/b><\/span><br \/>\n<span style=\"font-size: large;\">Aberta ao p\u00fablico! Escolas ou grupos grandes dever\u00e3o agendar o hor\u00e1rio de visita\u00e7\u00e3o.<\/span><br \/>\n<span style=\"font-size: large;\">Dia 27\/09 (quarta-feira), das 8h \u00e0s 11h30,\u00a0<\/span>das<span style=\"font-size: large;\">\u00a014h\u00a0<\/span>\u00e0s 16h30<span style=\"font-size: large;\">\u00a0e das 19h\u00a0<\/span>\u00e0s 21h30<br \/>\n<span style=\"font-size: large;\">Dia 28\/09 (quinta-feira), das 8h \u00e0s 11h30 e das 14h \u00e0s 16h30<\/span><br \/>\n<span style=\"font-size: large;\"><b>Informa\u00e7\u00f5es<\/b>:\u00a0<a href=\"https:\/\/linktr.ee\/fundec\" target=\"_blank\" rel=\"noopener noreferrer\">https:\/\/linktr.ee\/fundec<\/a><\/span><\/p>\n<p>Fonte: Depto. de Comunica\u00e7\u00e3o da Fundec<\/p>\n","protected":false},"excerpt":{"rendered":"<p>Nos dias 27 e 28 de setembro, ser\u00e1 realizada a Feira de Profiss\u00f5es da Fundec, no Gin\u00e1sio Galen\u00e3o, em Dracena. O evento \u00e9 aberto ao p\u00fablico, totalmente gratuito e conta com estandes din\u00e2micos sobre diversas profiss\u00f5es. As escolas ou grupos grandes dever\u00e3o agendar o hor\u00e1rio de visita\u00e7\u00e3o pelo link: https:\/\/linktr.ee\/fundec\u00a0. A Feira \u00e9 realizada anualmente [&hellip;]<\/p>\n","protected":false},"author":1,"featured_media":80721,"comment_status":"closed","ping_status":"open","sticky":false,"template":"","format":"standard","meta":{"footnotes":""},"categories":[110,122],"tags":[],"class_list":["post-80720","post","type-post","status-publish","format-standard","has-post-thumbnail","hentry","category-noticiasdestaque","category-saudeeducacaoeconcurso"],"_links":{"self":[{"href":"https:\/\/jorgezanoni.com.br\/2019\/wp-json\/wp\/v2\/posts\/80720","targetHints":{"allow":["GET"]}}],"collection":[{"href":"https:\/\/jorgezanoni.com.br\/2019\/wp-json\/wp\/v2\/posts"}],"about":[{"href":"https:\/\/jorgezanoni.com.br\/2019\/wp-json\/wp\/v2\/types\/post"}],"author":[{"embeddable":true,"href":"https:\/\/jorgezanoni.com.br\/2019\/wp-json\/wp\/v2\/users\/1"}],"replies":[{"embeddable":true,"href":"https:\/\/jorgezanoni.com.br\/2019\/wp-json\/wp\/v2\/comments?post=80720"}],"version-history":[{"count":1,"href":"https:\/\/jorgezanoni.com.br\/2019\/wp-json\/wp\/v2\/posts\/80720\/revisions"}],"predecessor-version":[{"id":80722,"href":"https:\/\/jorgezanoni.com.br\/2019\/wp-json\/wp\/v2\/posts\/80720\/revisions\/80722"}],"wp:featuredmedia":[{"embeddable":true,"href":"https:\/\/jorgezanoni.com.br\/2019\/wp-json\/wp\/v2\/media\/80721"}],"wp:attachment":[{"href":"https:\/\/jorgezanoni.com.br\/2019\/wp-json\/wp\/v2\/media?parent=80720"}],"wp:term":[{"taxonomy":"category","embeddable":true,"href":"https:\/\/jorgezanoni.com.br\/2019\/wp-json\/wp\/v2\/categories?post=80720"},{"taxonomy":"post_tag","embeddable":true,"href":"https:\/\/jorgezanoni.com.br\/2019\/wp-json\/wp\/v2\/tags?post=80720"}],"curies":[{"name":"wp","href":"https:\/\/api.w.org\/{rel}","templated":true}]}}