{"id":80716,"date":"2023-09-18T15:39:05","date_gmt":"2023-09-18T15:39:05","guid":{"rendered":"https:\/\/jorgezanoni.com.br\/2019\/?p=80716"},"modified":"2023-09-18T15:39:05","modified_gmt":"2023-09-18T15:39:05","slug":"sicredi-reune-liderancas-de-todo-pais-em-evento-e-lanca-novo-ciclo-estrategico","status":"publish","type":"post","link":"https:\/\/jorgezanoni.com.br\/2019\/sicredi-reune-liderancas-de-todo-pais-em-evento-e-lanca-novo-ciclo-estrategico\/","title":{"rendered":"Sicredi re\u00fane lideran\u00e7as de todo pa\u00eds em evento e lan\u00e7a novo ciclo estrat\u00e9gico"},"content":{"rendered":"<p style=\"text-align: justify;\" align=\"center\"><strong><i>Os novos norteadores estrat\u00e9gicos foram apresentados durante o F\u00f3rum Nacional de Presidentes e Diretores Executivos.<\/i><\/strong><\/p>\n<p style=\"text-align: justify;\">O Sicredi, institui\u00e7\u00e3o financeira cooperativa com presen\u00e7a em todo o Brasil, realizou mais um F\u00f3rum Nacional de Presidentes e Diretores Executivos, desta vez em Foz do Igua\u00e7u (PR). Nos dias 13 e 14 de setembro, reuniram-se aproximadamente 270 lideran\u00e7as, entre representantes das mais de 100 cooperativas, cinco centrais, e do Centro Administrativo Sicredi (CAS), al\u00e9m de conselheiros de administra\u00e7\u00e3o da SicrediPar. O evento contou com palestras e debates sobre cen\u00e1rio econ\u00f4mico, tend\u00eancias, pessoas e cultura no contexto da evolu\u00e7\u00e3o digital, marca e governan\u00e7a.<\/p>\n<p style=\"text-align: justify;\">No primeiro dia, foi lan\u00e7ado o novo Ciclo de Planejamento Estrat\u00e9gico 2025 em formato\u00a0<em>on-line<\/em>\u00a0para todos os mais de 40 mil colaboradores. Na oportunidade, as equipes acompanharam o resultado dos norteadores Miss\u00e3o, Vis\u00e3o e Valores, e dos objetivos estrat\u00e9gicos para os pr\u00f3ximos dois anos.<\/p>\n<p style=\"text-align: justify;\">Para Fernando Dall&#8217;Agnese, presidente do Conselho de Administra\u00e7\u00e3o da Sicredi Participa\u00e7\u00f5es S\/A (SicrediPar), o evento foi importante para destacar o crescimento expressivo do \u00faltimo ciclo estrat\u00e9gico e envolver os colaboradores na consolida\u00e7\u00e3o desse novo momento, desenvolvido de forma colaborativa, com pesquisas internas e externas, entrevistas, momentos de cocria\u00e7\u00e3o e workshops.<\/p>\n<p style=\"text-align: justify;\">&#8220;Buscamos garantir que as estrat\u00e9gias elaboradas coletivamente ser\u00e3o implementadas at\u00e9 2025, com o objetivo de impactar positivamente os associados do Sicredi e as comunidades em que atuamos. Essa etapa \u00e9 primordial para o modelo colaborativo de governan\u00e7a que nos une, e \u00e9 reconhecido mundialmente no segmento de cooperativismo de cr\u00e9dito&#8221;, afirmou. Na abertura do F\u00f3rum, Dall&#8217;Agnese ressaltou ainda a import\u00e2ncia do alinhamento das lideran\u00e7as. &#8220;Estamos voltados para trabalhar cada vez mais a solidez e a sustentabilidade da nossa institui\u00e7\u00e3o financeira cooperativa, sem deixar de promover a inova\u00e7\u00e3o necess\u00e1ria ao nosso futuro. \u00c9 parte da nossa ess\u00eancia a participa\u00e7\u00e3o de todos nas discuss\u00f5es sobre as estrat\u00e9gias previstas no planejamento&#8221;, acrescentou.<\/p>\n<p style=\"text-align: justify;\"><strong><i>Sobre o Sicredi<\/i><\/strong><\/p>\n<p class=\"v1MsoNormal\" style=\"text-align: justify;\"><i>O Sicredi \u00e9 uma institui\u00e7\u00e3o financeira cooperativa comprometida com o crescimento de seus associados e com o desenvolvimento das regi\u00f5es onde atua. Possui um modelo de gest\u00e3o que valoriza a participa\u00e7\u00e3o dos mais de 7 milh\u00f5es de associados, que exercem o papel de donos do neg\u00f3cio. Com mais de 2.500 ag\u00eancias, o Sicredi est\u00e1 presente fisicamente em todos os estados brasileiros e no Distrito Federal, disponibilizando uma gama completa de solu\u00e7\u00f5es financeiras e n\u00e3o financeiras.<\/i><\/p>\n<p class=\"v1MsoNormal\" style=\"text-align: justify;\"><b><i>Site do Sicredi:\u00a0<a href=\"http:\/\/www.sicredi.com.br\/\" target=\"_blank\" rel=\"noopener noreferrer\">www.sicredi.com.br<\/a><\/i><\/b><\/p>\n<p class=\"v1MsoNormal\" style=\"text-align: justify;\"><b><i>Redes Sociais:\u00a0<\/i><\/b><em><b><u><span lang=\"EN-US\"><a href=\"http:\/\/www.facebook.com\/sicredicentrooestepaulista\" target=\"_blank\" rel=\"noopener noreferrer\"><i><span lang=\"PT-BR\">Facebook<\/span><\/i><\/a><\/span><\/u><\/b><\/em><em>\u00a0|<\/em>\u00a0<em><b><u><span lang=\"EN-US\"><a href=\"https:\/\/www.linkedin.com\/company\/sicredi-centro-oeste-paulista\/\" target=\"_blank\" rel=\"noopener noreferrer\"><i><span lang=\"PT-BR\">LinkedIn<\/span><\/i><\/a><\/span><\/u><\/b><\/em><em>\u00a0|<\/em>\u00a0<em><b><u><span lang=\"EN-US\"><a href=\"http:\/\/www.youtube.com\/sicredicentrooestepaulista\" target=\"_blank\" rel=\"noopener noreferrer\"><i><span lang=\"PT-BR\">YouTube<\/span><\/i><\/a><\/span><\/u><\/b><\/em><span lang=\"EN-US\">\u00a0<\/span><em>|\u00a0<\/em><em><b><u><span lang=\"EN-US\"><a href=\"http:\/\/www.instagram.com\/sicredicentrooestepaulista\" target=\"_blank\" rel=\"noopener noreferrer\"><i><span lang=\"PT-BR\">Instagram<\/span><\/i><\/a><\/span><\/u><\/b><\/em><\/p>\n<p style=\"text-align: justify;\"><img loading=\"lazy\" decoding=\"async\" class=\"alignnone size-full wp-image-80717\" src=\"https:\/\/jorgezanoni.com.br\/2019\/wp-content\/uploads\/2023\/09\/Sicredi-forumnacionaldepresidentes2023-2.jpg\" alt=\"\" width=\"1024\" height=\"683\" srcset=\"https:\/\/jorgezanoni.com.br\/2019\/wp-content\/uploads\/2023\/09\/Sicredi-forumnacionaldepresidentes2023-2.jpg 1024w, https:\/\/jorgezanoni.com.br\/2019\/wp-content\/uploads\/2023\/09\/Sicredi-forumnacionaldepresidentes2023-2-300x200.jpg 300w, https:\/\/jorgezanoni.com.br\/2019\/wp-content\/uploads\/2023\/09\/Sicredi-forumnacionaldepresidentes2023-2-768x512.jpg 768w, https:\/\/jorgezanoni.com.br\/2019\/wp-content\/uploads\/2023\/09\/Sicredi-forumnacionaldepresidentes2023-2-696x464.jpg 696w, https:\/\/jorgezanoni.com.br\/2019\/wp-content\/uploads\/2023\/09\/Sicredi-forumnacionaldepresidentes2023-2-630x420.jpg 630w\" sizes=\"auto, (max-width: 1024px) 100vw, 1024px\" \/>Evento contou com palestras e debates sobre cen\u00e1rio econ\u00f4mico e tend\u00eancias no contexto da evolu\u00e7\u00e3o digital e governan\u00e7a<br \/>\n<i>Cr\u00e9ditos: Jean Pav\u00e3o<\/i><\/p>\n<p style=\"text-align: justify;\">CAPA: Cerca de 270 lideran\u00e7as da institui\u00e7\u00e3o financeira cooperativa participaram do encontro<br \/>\n<i>Cr\u00e9ditos: Jean Pav\u00e3o<\/i><\/p>\n<p>Fonte: Comunica\u00e7\u00e3o e Marketing<\/p>\n","protected":false},"excerpt":{"rendered":"<p>Os novos norteadores estrat\u00e9gicos foram apresentados durante o F\u00f3rum Nacional de Presidentes e Diretores Executivos. O Sicredi, institui\u00e7\u00e3o financeira cooperativa com presen\u00e7a em todo o Brasil, realizou mais um F\u00f3rum Nacional de Presidentes e Diretores Executivos, desta vez em Foz do Igua\u00e7u (PR). Nos dias 13 e 14 de setembro, reuniram-se aproximadamente 270 lideran\u00e7as, entre [&hellip;]<\/p>\n","protected":false},"author":1,"featured_media":80718,"comment_status":"closed","ping_status":"open","sticky":false,"template":"","format":"standard","meta":{"footnotes":""},"categories":[110,116],"tags":[],"class_list":["post-80716","post","type-post","status-publish","format-standard","has-post-thumbnail","hentry","category-noticiasdestaque","category-politicaeeconomia"],"_links":{"self":[{"href":"https:\/\/jorgezanoni.com.br\/2019\/wp-json\/wp\/v2\/posts\/80716","targetHints":{"allow":["GET"]}}],"collection":[{"href":"https:\/\/jorgezanoni.com.br\/2019\/wp-json\/wp\/v2\/posts"}],"about":[{"href":"https:\/\/jorgezanoni.com.br\/2019\/wp-json\/wp\/v2\/types\/post"}],"author":[{"embeddable":true,"href":"https:\/\/jorgezanoni.com.br\/2019\/wp-json\/wp\/v2\/users\/1"}],"replies":[{"embeddable":true,"href":"https:\/\/jorgezanoni.com.br\/2019\/wp-json\/wp\/v2\/comments?post=80716"}],"version-history":[{"count":1,"href":"https:\/\/jorgezanoni.com.br\/2019\/wp-json\/wp\/v2\/posts\/80716\/revisions"}],"predecessor-version":[{"id":80719,"href":"https:\/\/jorgezanoni.com.br\/2019\/wp-json\/wp\/v2\/posts\/80716\/revisions\/80719"}],"wp:featuredmedia":[{"embeddable":true,"href":"https:\/\/jorgezanoni.com.br\/2019\/wp-json\/wp\/v2\/media\/80718"}],"wp:attachment":[{"href":"https:\/\/jorgezanoni.com.br\/2019\/wp-json\/wp\/v2\/media?parent=80716"}],"wp:term":[{"taxonomy":"category","embeddable":true,"href":"https:\/\/jorgezanoni.com.br\/2019\/wp-json\/wp\/v2\/categories?post=80716"},{"taxonomy":"post_tag","embeddable":true,"href":"https:\/\/jorgezanoni.com.br\/2019\/wp-json\/wp\/v2\/tags?post=80716"}],"curies":[{"name":"wp","href":"https:\/\/api.w.org\/{rel}","templated":true}]}}