{"id":80713,"date":"2023-09-18T01:06:41","date_gmt":"2023-09-18T01:06:41","guid":{"rendered":"https:\/\/jorgezanoni.com.br\/2019\/?p=80713"},"modified":"2023-09-18T01:06:41","modified_gmt":"2023-09-18T01:06:41","slug":"policia-militar-prende-homem-por-trafico-de-drogas-em-dracena-11","status":"publish","type":"post","link":"https:\/\/jorgezanoni.com.br\/2019\/policia-militar-prende-homem-por-trafico-de-drogas-em-dracena-11\/","title":{"rendered":"Pol\u00edcia Militar prende homem por Tr\u00e1fico de Drogas em Dracena"},"content":{"rendered":"<p style=\"text-align: justify;\">Nesta madrugada (17) por volta das 01h20min a equipe da Pol\u00edcia Militar durante patrulhamento pelo munic\u00edpio de Dracena, avistou dois homens em atitude suspeita e ao notarem a viatura um dos indiv\u00edduos arremessou algo, realizada a abordagem e localizado dois cigarros de maconha o qual o adolescentes 17 anos afirmou pertencer a ele e a quantia de R$100,00 (cem reais) e com outro homem 20 anos R$106,00 (cento e seis reais) indagados o homem informou que estava comprando a droga, enquanto o adolescente confessou a pr\u00e1tica do tr\u00e1fico e que havia mais drogas em sua resid\u00eancia, mais precisamente em seu quarto no interior de uma mochila. A equipe deslocou at\u00e9 a resid\u00eancia informada e localizaram o restante da droga totalizando 3Kg de maconha, bem como balan\u00e7a de precis\u00e3o e utens\u00edlios para fracionar e embalar os entorpecentes.<br \/>\nDiante dos fatos foi dada voz de pris\u00e3o ao autor que permaneceu preso \u00e0 disposi\u00e7\u00e3o da Justi\u00e7a.<\/p>\n<p>Fonte: Com. Social Pol\u00edcia Militar<\/p>\n","protected":false},"excerpt":{"rendered":"<p>Nesta madrugada (17) por volta das 01h20min a equipe da Pol\u00edcia Militar durante patrulhamento pelo munic\u00edpio de Dracena, avistou dois homens em atitude suspeita e ao notarem a viatura um dos indiv\u00edduos arremessou algo, realizada a abordagem e localizado dois cigarros de maconha o qual o adolescentes 17 anos afirmou pertencer a ele e a [&hellip;]<\/p>\n","protected":false},"author":1,"featured_media":80714,"comment_status":"closed","ping_status":"open","sticky":false,"template":"","format":"standard","meta":{"footnotes":""},"categories":[110,2],"tags":[],"class_list":["post-80713","post","type-post","status-publish","format-standard","has-post-thumbnail","hentry","category-noticiasdestaque","category-policial"],"_links":{"self":[{"href":"https:\/\/jorgezanoni.com.br\/2019\/wp-json\/wp\/v2\/posts\/80713","targetHints":{"allow":["GET"]}}],"collection":[{"href":"https:\/\/jorgezanoni.com.br\/2019\/wp-json\/wp\/v2\/posts"}],"about":[{"href":"https:\/\/jorgezanoni.com.br\/2019\/wp-json\/wp\/v2\/types\/post"}],"author":[{"embeddable":true,"href":"https:\/\/jorgezanoni.com.br\/2019\/wp-json\/wp\/v2\/users\/1"}],"replies":[{"embeddable":true,"href":"https:\/\/jorgezanoni.com.br\/2019\/wp-json\/wp\/v2\/comments?post=80713"}],"version-history":[{"count":1,"href":"https:\/\/jorgezanoni.com.br\/2019\/wp-json\/wp\/v2\/posts\/80713\/revisions"}],"predecessor-version":[{"id":80715,"href":"https:\/\/jorgezanoni.com.br\/2019\/wp-json\/wp\/v2\/posts\/80713\/revisions\/80715"}],"wp:featuredmedia":[{"embeddable":true,"href":"https:\/\/jorgezanoni.com.br\/2019\/wp-json\/wp\/v2\/media\/80714"}],"wp:attachment":[{"href":"https:\/\/jorgezanoni.com.br\/2019\/wp-json\/wp\/v2\/media?parent=80713"}],"wp:term":[{"taxonomy":"category","embeddable":true,"href":"https:\/\/jorgezanoni.com.br\/2019\/wp-json\/wp\/v2\/categories?post=80713"},{"taxonomy":"post_tag","embeddable":true,"href":"https:\/\/jorgezanoni.com.br\/2019\/wp-json\/wp\/v2\/tags?post=80713"}],"curies":[{"name":"wp","href":"https:\/\/api.w.org\/{rel}","templated":true}]}}