{"id":80643,"date":"2023-09-16T20:46:27","date_gmt":"2023-09-16T20:46:27","guid":{"rendered":"https:\/\/jorgezanoni.com.br\/2019\/?p=80643"},"modified":"2023-09-16T20:46:27","modified_gmt":"2023-09-16T20:46:27","slug":"tupa-esta-em-busca-de-faculdade-de-medicina","status":"publish","type":"post","link":"https:\/\/jorgezanoni.com.br\/2019\/tupa-esta-em-busca-de-faculdade-de-medicina\/","title":{"rendered":"Tup\u00e3 est\u00e1 em busca de Faculdade de Medicina"},"content":{"rendered":"<p style=\"text-align: justify;\">Por solicita\u00e7\u00e3o do Prefeito da Est\u00e2ncia Tur\u00edstica de Tup\u00e3, Caio Aoqui, o Deputado Federal Luiz Carlos Motta entregou ontem (13\/9) um of\u00edcio solicitando o apoio do tamb\u00e9m cidad\u00e3o tup\u00e3ense e atual Vice-Presidente do Brasil, Geraldo Alckmin.<\/p>\n<p style=\"text-align: justify;\">O documento tem como objetivo candidatar o munic\u00edpio de Tup\u00e3 junto ao Minist\u00e9rio da Educa\u00e7\u00e3o, buscando a inclus\u00e3o no chamamento federal para receber o t\u00e3o esperado Curso de Medicina.<\/p>\n<p style=\"text-align: justify;\">Durante a audi\u00eancia, o Deputado Motta ligou para o Prefeito Caio Aoqui e o conectou diretamente com Geraldo Alckmin, para que este reiterasse o pedido em favor de nossa cidade.<\/p>\n<p style=\"text-align: justify;\">J\u00e1 est\u00e3o pr\u00e9-agendados outros encontros e audi\u00eancias, com o intuito de refor\u00e7ar a quest\u00e3o do Curso de Medicina, entre outros objetivos para o desenvolvimento da regi\u00e3o, inclusive com o apoio da Amnap.<\/p>\n<p>Fonte: Assessoria de Imprensa<\/p>\n<p>Imagem Ilustrativa<\/p>\n","protected":false},"excerpt":{"rendered":"<p>Por solicita\u00e7\u00e3o do Prefeito da Est\u00e2ncia Tur\u00edstica de Tup\u00e3, Caio Aoqui, o Deputado Federal Luiz Carlos Motta entregou ontem (13\/9) um of\u00edcio solicitando o apoio do tamb\u00e9m cidad\u00e3o tup\u00e3ense e atual Vice-Presidente do Brasil, Geraldo Alckmin. O documento tem como objetivo candidatar o munic\u00edpio de Tup\u00e3 junto ao Minist\u00e9rio da Educa\u00e7\u00e3o, buscando a inclus\u00e3o no [&hellip;]<\/p>\n","protected":false},"author":1,"featured_media":80644,"comment_status":"closed","ping_status":"open","sticky":false,"template":"","format":"standard","meta":{"footnotes":""},"categories":[110,122],"tags":[],"class_list":["post-80643","post","type-post","status-publish","format-standard","has-post-thumbnail","hentry","category-noticiasdestaque","category-saudeeducacaoeconcurso"],"_links":{"self":[{"href":"https:\/\/jorgezanoni.com.br\/2019\/wp-json\/wp\/v2\/posts\/80643","targetHints":{"allow":["GET"]}}],"collection":[{"href":"https:\/\/jorgezanoni.com.br\/2019\/wp-json\/wp\/v2\/posts"}],"about":[{"href":"https:\/\/jorgezanoni.com.br\/2019\/wp-json\/wp\/v2\/types\/post"}],"author":[{"embeddable":true,"href":"https:\/\/jorgezanoni.com.br\/2019\/wp-json\/wp\/v2\/users\/1"}],"replies":[{"embeddable":true,"href":"https:\/\/jorgezanoni.com.br\/2019\/wp-json\/wp\/v2\/comments?post=80643"}],"version-history":[{"count":1,"href":"https:\/\/jorgezanoni.com.br\/2019\/wp-json\/wp\/v2\/posts\/80643\/revisions"}],"predecessor-version":[{"id":80645,"href":"https:\/\/jorgezanoni.com.br\/2019\/wp-json\/wp\/v2\/posts\/80643\/revisions\/80645"}],"wp:featuredmedia":[{"embeddable":true,"href":"https:\/\/jorgezanoni.com.br\/2019\/wp-json\/wp\/v2\/media\/80644"}],"wp:attachment":[{"href":"https:\/\/jorgezanoni.com.br\/2019\/wp-json\/wp\/v2\/media?parent=80643"}],"wp:term":[{"taxonomy":"category","embeddable":true,"href":"https:\/\/jorgezanoni.com.br\/2019\/wp-json\/wp\/v2\/categories?post=80643"},{"taxonomy":"post_tag","embeddable":true,"href":"https:\/\/jorgezanoni.com.br\/2019\/wp-json\/wp\/v2\/tags?post=80643"}],"curies":[{"name":"wp","href":"https:\/\/api.w.org\/{rel}","templated":true}]}}