{"id":80640,"date":"2023-09-16T20:35:39","date_gmt":"2023-09-16T20:35:39","guid":{"rendered":"https:\/\/jorgezanoni.com.br\/2019\/?p=80640"},"modified":"2023-09-16T20:35:39","modified_gmt":"2023-09-16T20:35:39","slug":"policia-civil-apreende-armas-e-municoes-de-homem-suspeito-de-praticar-crime-de-violencia-domestica-em-dracena","status":"publish","type":"post","link":"https:\/\/jorgezanoni.com.br\/2019\/policia-civil-apreende-armas-e-municoes-de-homem-suspeito-de-praticar-crime-de-violencia-domestica-em-dracena\/","title":{"rendered":"Pol\u00edcia Civil apreende armas e muni\u00e7\u00f5es de homem suspeito de praticar crime de viol\u00eancia dom\u00e9stica em Dracena"},"content":{"rendered":"<p style=\"text-align: justify;\">A Pol\u00edcia Civil, por interm\u00e9dio da Delegacia de Defesa da Mulher &#8211; DDM, com o apoio t\u00e1tico da Delegacia Seccional de Pol\u00edcia de Dracena, cumpriu nesta sexta-feira (15), um mandado de busca e apreens\u00e3o, expedido pelo ju\u00edzo da Comarca de Dracena, em um caso relacionado a investiga\u00e7\u00e3o de uma ocorr\u00eancia de pr\u00e1tica dos crimes de amea\u00e7a e viol\u00eancia dom\u00e9stica. A a\u00e7\u00e3o policial aconteceu numa resid\u00eancia localizada no bairro Hosoume I, em Dracena (SP).<br \/>\nDurante realiza\u00e7\u00e3o das buscas no im\u00f3vel alvo da ordem judicial os policiais civis apreenderam seis armas de fogo, 251 muni\u00e7\u00f5es integras e 108 (muni\u00e7\u00f5es deflagradas e diversas denomina\u00e7\u00f5es e calibres.<br \/>\nA\u00e7\u00e3o policial foi coordenada pela Delegacia de Defesa da Mulher &#8211; DDM, ap\u00f3s a instaura\u00e7\u00e3o de um inqu\u00e9rito policial em que se investiga a pr\u00e1tica do crime de viol\u00eancia dom\u00e9stica contra a mulher de 36 anos, e da not\u00edcia de que o ex-marido um homem de 55 anos, possuir em sua resid\u00eancia armas e muni\u00e7\u00f5es. Desta forma, em atendimento ao artigo 27, \u00a75\u00ba, do Decreto-lei n\u00ba 11.366 de 2023 que determina a imediata apreens\u00e3o de arma de fogo pela autoridade competente em caso de viol\u00eancia dom\u00e9stica e familiar contra a mulher, foi solicitado e concedido pelo Poder Judici\u00e1rio o referido mandado de busca e apreens\u00e3o.<br \/>\nAs armas apreendidas estavam com a documenta\u00e7\u00e3o em ordem e regulares, por\u00e9m a medida cautelar \u00e9 fundamental para garantir a seguran\u00e7a da v\u00edtima durante o curso das investiga\u00e7\u00f5es. Tamb\u00e9m foi concedido a mulher o pedido de medidas protetivas de urg\u00eancia, visando assegurar sua integridade f\u00edsica.<br \/>\nO suspeito n\u00e3o estava no im\u00f3vel no momento da a\u00e7\u00e3o policial, e ser\u00e1 notificado para ser ouvido na sede na DDM, em data oportuna.<\/p>\n<p>Fonte: Com. Social Pol\u00edcia Civil<\/p>\n","protected":false},"excerpt":{"rendered":"<p>A Pol\u00edcia Civil, por interm\u00e9dio da Delegacia de Defesa da Mulher &#8211; DDM, com o apoio t\u00e1tico da Delegacia Seccional de Pol\u00edcia de Dracena, cumpriu nesta sexta-feira (15), um mandado de busca e apreens\u00e3o, expedido pelo ju\u00edzo da Comarca de Dracena, em um caso relacionado a investiga\u00e7\u00e3o de uma ocorr\u00eancia de pr\u00e1tica dos crimes de [&hellip;]<\/p>\n","protected":false},"author":1,"featured_media":80641,"comment_status":"closed","ping_status":"open","sticky":false,"template":"","format":"standard","meta":{"footnotes":""},"categories":[110,2],"tags":[],"class_list":["post-80640","post","type-post","status-publish","format-standard","has-post-thumbnail","hentry","category-noticiasdestaque","category-policial"],"_links":{"self":[{"href":"https:\/\/jorgezanoni.com.br\/2019\/wp-json\/wp\/v2\/posts\/80640","targetHints":{"allow":["GET"]}}],"collection":[{"href":"https:\/\/jorgezanoni.com.br\/2019\/wp-json\/wp\/v2\/posts"}],"about":[{"href":"https:\/\/jorgezanoni.com.br\/2019\/wp-json\/wp\/v2\/types\/post"}],"author":[{"embeddable":true,"href":"https:\/\/jorgezanoni.com.br\/2019\/wp-json\/wp\/v2\/users\/1"}],"replies":[{"embeddable":true,"href":"https:\/\/jorgezanoni.com.br\/2019\/wp-json\/wp\/v2\/comments?post=80640"}],"version-history":[{"count":1,"href":"https:\/\/jorgezanoni.com.br\/2019\/wp-json\/wp\/v2\/posts\/80640\/revisions"}],"predecessor-version":[{"id":80642,"href":"https:\/\/jorgezanoni.com.br\/2019\/wp-json\/wp\/v2\/posts\/80640\/revisions\/80642"}],"wp:featuredmedia":[{"embeddable":true,"href":"https:\/\/jorgezanoni.com.br\/2019\/wp-json\/wp\/v2\/media\/80641"}],"wp:attachment":[{"href":"https:\/\/jorgezanoni.com.br\/2019\/wp-json\/wp\/v2\/media?parent=80640"}],"wp:term":[{"taxonomy":"category","embeddable":true,"href":"https:\/\/jorgezanoni.com.br\/2019\/wp-json\/wp\/v2\/categories?post=80640"},{"taxonomy":"post_tag","embeddable":true,"href":"https:\/\/jorgezanoni.com.br\/2019\/wp-json\/wp\/v2\/tags?post=80640"}],"curies":[{"name":"wp","href":"https:\/\/api.w.org\/{rel}","templated":true}]}}