{"id":80619,"date":"2023-09-15T15:30:32","date_gmt":"2023-09-15T15:30:32","guid":{"rendered":"https:\/\/jorgezanoni.com.br\/2019\/?p=80619"},"modified":"2023-09-15T15:30:32","modified_gmt":"2023-09-15T15:30:32","slug":"alunos-de-medicina-palestram-no-lar-santa-terezinha","status":"publish","type":"post","link":"https:\/\/jorgezanoni.com.br\/2019\/alunos-de-medicina-palestram-no-lar-santa-terezinha\/","title":{"rendered":"Alunos de Medicina palestram no Lar Santa Terezinha"},"content":{"rendered":"<p style=\"text-align: justify;\"><span style=\"font-size: large;\">Os alunos do 6\u00ba ano de Medicina da Unifadra Dracena realizaram uma palestra sobre preven\u00e7\u00e3o ao suic\u00eddio no Lar Santa Terezinha, em Junqueir\u00f3polis, no dia 13 de setembro. A atividade foi acompanhada pelo preceptor Maer Gumiero, do CAPS I de Junqueir\u00f3polis, no internato, durante o est\u00e1gio em Sa\u00fade Mental e do Idoso, e destacou a Campanha Setembro Amarelo.<\/span><\/p>\n<p>Fonte: Depto. de Comunica\u00e7\u00e3o da Fundec<\/p>\n","protected":false},"excerpt":{"rendered":"<p>Os alunos do 6\u00ba ano de Medicina da Unifadra Dracena realizaram uma palestra sobre preven\u00e7\u00e3o ao suic\u00eddio no Lar Santa Terezinha, em Junqueir\u00f3polis, no dia 13 de setembro. A atividade foi acompanhada pelo preceptor Maer Gumiero, do CAPS I de Junqueir\u00f3polis, no internato, durante o est\u00e1gio em Sa\u00fade Mental e do Idoso, e destacou a [&hellip;]<\/p>\n","protected":false},"author":1,"featured_media":80620,"comment_status":"closed","ping_status":"open","sticky":false,"template":"","format":"standard","meta":{"footnotes":""},"categories":[110,122],"tags":[],"class_list":["post-80619","post","type-post","status-publish","format-standard","has-post-thumbnail","hentry","category-noticiasdestaque","category-saudeeducacaoeconcurso"],"_links":{"self":[{"href":"https:\/\/jorgezanoni.com.br\/2019\/wp-json\/wp\/v2\/posts\/80619","targetHints":{"allow":["GET"]}}],"collection":[{"href":"https:\/\/jorgezanoni.com.br\/2019\/wp-json\/wp\/v2\/posts"}],"about":[{"href":"https:\/\/jorgezanoni.com.br\/2019\/wp-json\/wp\/v2\/types\/post"}],"author":[{"embeddable":true,"href":"https:\/\/jorgezanoni.com.br\/2019\/wp-json\/wp\/v2\/users\/1"}],"replies":[{"embeddable":true,"href":"https:\/\/jorgezanoni.com.br\/2019\/wp-json\/wp\/v2\/comments?post=80619"}],"version-history":[{"count":1,"href":"https:\/\/jorgezanoni.com.br\/2019\/wp-json\/wp\/v2\/posts\/80619\/revisions"}],"predecessor-version":[{"id":80621,"href":"https:\/\/jorgezanoni.com.br\/2019\/wp-json\/wp\/v2\/posts\/80619\/revisions\/80621"}],"wp:featuredmedia":[{"embeddable":true,"href":"https:\/\/jorgezanoni.com.br\/2019\/wp-json\/wp\/v2\/media\/80620"}],"wp:attachment":[{"href":"https:\/\/jorgezanoni.com.br\/2019\/wp-json\/wp\/v2\/media?parent=80619"}],"wp:term":[{"taxonomy":"category","embeddable":true,"href":"https:\/\/jorgezanoni.com.br\/2019\/wp-json\/wp\/v2\/categories?post=80619"},{"taxonomy":"post_tag","embeddable":true,"href":"https:\/\/jorgezanoni.com.br\/2019\/wp-json\/wp\/v2\/tags?post=80619"}],"curies":[{"name":"wp","href":"https:\/\/api.w.org\/{rel}","templated":true}]}}