{"id":8061,"date":"2019-10-07T18:00:35","date_gmt":"2019-10-07T18:00:35","guid":{"rendered":"https:\/\/jorgezanoni.com.br\/2019\/?p=8061"},"modified":"2019-10-07T18:02:32","modified_gmt":"2019-10-07T18:02:32","slug":"motociclista-fica-ferido-ao-se-envolver-em-acidente-com-dois-veiculos-em-dracena","status":"publish","type":"post","link":"https:\/\/jorgezanoni.com.br\/2019\/motociclista-fica-ferido-ao-se-envolver-em-acidente-com-dois-veiculos-em-dracena\/","title":{"rendered":"Motociclista fica ferido ao se envolver em acidente com dois ve\u00edculos em Dracena"},"content":{"rendered":"<p><strong>Motociclista leva a pior em batida com dois ve\u00edculos em Dracena.<\/strong><\/p>\n<p><img loading=\"lazy\" decoding=\"async\" class=\"alignnone size-full wp-image-8062\" src=\"https:\/\/jorgezanoni.com.br\/2019\/wp-content\/uploads\/2019\/10\/IMG_9366-1.jpg\" alt=\"\" width=\"900\" height=\"675\" srcset=\"https:\/\/jorgezanoni.com.br\/2019\/wp-content\/uploads\/2019\/10\/IMG_9366-1.jpg 900w, https:\/\/jorgezanoni.com.br\/2019\/wp-content\/uploads\/2019\/10\/IMG_9366-1-300x225.jpg 300w, https:\/\/jorgezanoni.com.br\/2019\/wp-content\/uploads\/2019\/10\/IMG_9366-1-768x576.jpg 768w, https:\/\/jorgezanoni.com.br\/2019\/wp-content\/uploads\/2019\/10\/IMG_9366-1-80x60.jpg 80w, https:\/\/jorgezanoni.com.br\/2019\/wp-content\/uploads\/2019\/10\/IMG_9366-1-265x198.jpg 265w, https:\/\/jorgezanoni.com.br\/2019\/wp-content\/uploads\/2019\/10\/IMG_9366-1-696x522.jpg 696w, https:\/\/jorgezanoni.com.br\/2019\/wp-content\/uploads\/2019\/10\/IMG_9366-1-560x420.jpg 560w\" sizes=\"auto, (max-width: 900px) 100vw, 900px\" \/><\/p>\n<p style=\"text-align: justify;\">Por volta de 09:10 Horas deste segunda-feira (7), foi registrado um acidente com v\u00edtima na esquina das ruas Ipiranga com 15 de Novembro na regi\u00e3o central de Dracena.<\/p>\n<p><img loading=\"lazy\" decoding=\"async\" class=\"alignnone size-full wp-image-8063\" src=\"https:\/\/jorgezanoni.com.br\/2019\/wp-content\/uploads\/2019\/10\/IMG_9368.jpg\" alt=\"\" width=\"900\" height=\"675\" srcset=\"https:\/\/jorgezanoni.com.br\/2019\/wp-content\/uploads\/2019\/10\/IMG_9368.jpg 900w, https:\/\/jorgezanoni.com.br\/2019\/wp-content\/uploads\/2019\/10\/IMG_9368-300x225.jpg 300w, https:\/\/jorgezanoni.com.br\/2019\/wp-content\/uploads\/2019\/10\/IMG_9368-768x576.jpg 768w, https:\/\/jorgezanoni.com.br\/2019\/wp-content\/uploads\/2019\/10\/IMG_9368-80x60.jpg 80w, https:\/\/jorgezanoni.com.br\/2019\/wp-content\/uploads\/2019\/10\/IMG_9368-265x198.jpg 265w, https:\/\/jorgezanoni.com.br\/2019\/wp-content\/uploads\/2019\/10\/IMG_9368-696x522.jpg 696w, https:\/\/jorgezanoni.com.br\/2019\/wp-content\/uploads\/2019\/10\/IMG_9368-560x420.jpg 560w\" sizes=\"auto, (max-width: 900px) 100vw, 900px\" \/><\/p>\n<p style=\"text-align: justify;\">Segundo informa\u00e7\u00f5es colhidas no local pela reportagem do Site JZ, um ve\u00edculo Forde Belina dirigido por C.J.O de 60 anos descia a rua Ipiranga no sentido Santa Casa \u00e0 antiga esta\u00e7\u00e3o da Fepasa e iria virar \u00e0 direita na rua 15 de novembro, sendo que no sentido contr\u00e1rio subia um caminh\u00e3o que virou \u00e0 direita na mesma rua.<\/p>\n<p><img loading=\"lazy\" decoding=\"async\" class=\"alignnone size-full wp-image-8066\" src=\"https:\/\/jorgezanoni.com.br\/2019\/wp-content\/uploads\/2019\/10\/IMG_9370.jpg\" alt=\"\" width=\"900\" height=\"675\" srcset=\"https:\/\/jorgezanoni.com.br\/2019\/wp-content\/uploads\/2019\/10\/IMG_9370.jpg 900w, https:\/\/jorgezanoni.com.br\/2019\/wp-content\/uploads\/2019\/10\/IMG_9370-300x225.jpg 300w, https:\/\/jorgezanoni.com.br\/2019\/wp-content\/uploads\/2019\/10\/IMG_9370-768x576.jpg 768w, https:\/\/jorgezanoni.com.br\/2019\/wp-content\/uploads\/2019\/10\/IMG_9370-80x60.jpg 80w, https:\/\/jorgezanoni.com.br\/2019\/wp-content\/uploads\/2019\/10\/IMG_9370-265x198.jpg 265w, https:\/\/jorgezanoni.com.br\/2019\/wp-content\/uploads\/2019\/10\/IMG_9370-696x522.jpg 696w, https:\/\/jorgezanoni.com.br\/2019\/wp-content\/uploads\/2019\/10\/IMG_9370-560x420.jpg 560w\" sizes=\"auto, (max-width: 900px) 100vw, 900px\" \/><\/p>\n<p style=\"text-align: justify;\">O motociclista M.U.R.S. de 18 anos que tem Habilita\u00e7\u00e3o de Permiss\u00e3o, seguia atr\u00e1s do caminh\u00e3o e acabou desviando para n\u00e3o bater na traseira do mesmo e acabou atingindo o lado direito da Belina e um Ve\u00edculo Gol de propriedade de J.A.R.C de 56 anos que estava regularmente estacionado.<\/p>\n<p><img loading=\"lazy\" decoding=\"async\" class=\"alignnone size-full wp-image-8064\" src=\"https:\/\/jorgezanoni.com.br\/2019\/wp-content\/uploads\/2019\/10\/IMG_9368-1.jpg\" alt=\"\" width=\"900\" height=\"675\" srcset=\"https:\/\/jorgezanoni.com.br\/2019\/wp-content\/uploads\/2019\/10\/IMG_9368-1.jpg 900w, https:\/\/jorgezanoni.com.br\/2019\/wp-content\/uploads\/2019\/10\/IMG_9368-1-300x225.jpg 300w, https:\/\/jorgezanoni.com.br\/2019\/wp-content\/uploads\/2019\/10\/IMG_9368-1-768x576.jpg 768w, https:\/\/jorgezanoni.com.br\/2019\/wp-content\/uploads\/2019\/10\/IMG_9368-1-80x60.jpg 80w, https:\/\/jorgezanoni.com.br\/2019\/wp-content\/uploads\/2019\/10\/IMG_9368-1-265x198.jpg 265w, https:\/\/jorgezanoni.com.br\/2019\/wp-content\/uploads\/2019\/10\/IMG_9368-1-696x522.jpg 696w, https:\/\/jorgezanoni.com.br\/2019\/wp-content\/uploads\/2019\/10\/IMG_9368-1-560x420.jpg 560w\" sizes=\"auto, (max-width: 900px) 100vw, 900px\" \/><\/p>\n<p style=\"text-align: justify;\">Todos os ve\u00edculos envolvidos tem placas de Dracena e sofreram danos. O motociclista com diversos ferimentos acabou sendo socorrido por uma Unidade de Resgate do Corpo de Bombeiros ao Pronto Atendimento Municipal de Dracena.<\/p>\n<p><img loading=\"lazy\" decoding=\"async\" class=\"alignnone size-full wp-image-8065\" src=\"https:\/\/jorgezanoni.com.br\/2019\/wp-content\/uploads\/2019\/10\/IMG_9369.jpg\" alt=\"\" width=\"900\" height=\"675\" srcset=\"https:\/\/jorgezanoni.com.br\/2019\/wp-content\/uploads\/2019\/10\/IMG_9369.jpg 900w, https:\/\/jorgezanoni.com.br\/2019\/wp-content\/uploads\/2019\/10\/IMG_9369-300x225.jpg 300w, https:\/\/jorgezanoni.com.br\/2019\/wp-content\/uploads\/2019\/10\/IMG_9369-768x576.jpg 768w, https:\/\/jorgezanoni.com.br\/2019\/wp-content\/uploads\/2019\/10\/IMG_9369-80x60.jpg 80w, https:\/\/jorgezanoni.com.br\/2019\/wp-content\/uploads\/2019\/10\/IMG_9369-265x198.jpg 265w, https:\/\/jorgezanoni.com.br\/2019\/wp-content\/uploads\/2019\/10\/IMG_9369-696x522.jpg 696w, https:\/\/jorgezanoni.com.br\/2019\/wp-content\/uploads\/2019\/10\/IMG_9369-560x420.jpg 560w\" sizes=\"auto, (max-width: 900px) 100vw, 900px\" \/><\/p>\n<p style=\"text-align: justify;\">A Pol\u00edcia Militar compareceu ao local para o registro do B.O e controle do tr\u00e2nsito e a Pol\u00edcia T\u00e9cnica elaborou um laudo para apontar as causas do acidente.<\/p>\n<p style=\"text-align: justify;\">Jorge Zanoni<\/p>\n<p style=\"text-align: justify;\">\n","protected":false},"excerpt":{"rendered":"<p>Motociclista leva a pior em batida com dois ve\u00edculos em Dracena. Por volta de 09:10 Horas deste segunda-feira (7), foi registrado um acidente com v\u00edtima na esquina das ruas Ipiranga com 15 de Novembro na regi\u00e3o central de Dracena. Segundo informa\u00e7\u00f5es colhidas no local pela reportagem do Site JZ, um ve\u00edculo Forde Belina dirigido por [&hellip;]<\/p>\n","protected":false},"author":1,"featured_media":8067,"comment_status":"closed","ping_status":"open","sticky":false,"template":"","format":"standard","meta":{"footnotes":""},"categories":[170,110],"tags":[],"class_list":["post-8061","post","type-post","status-publish","format-standard","has-post-thumbnail","hentry","category-acidentes","category-noticiasdestaque"],"_links":{"self":[{"href":"https:\/\/jorgezanoni.com.br\/2019\/wp-json\/wp\/v2\/posts\/8061","targetHints":{"allow":["GET"]}}],"collection":[{"href":"https:\/\/jorgezanoni.com.br\/2019\/wp-json\/wp\/v2\/posts"}],"about":[{"href":"https:\/\/jorgezanoni.com.br\/2019\/wp-json\/wp\/v2\/types\/post"}],"author":[{"embeddable":true,"href":"https:\/\/jorgezanoni.com.br\/2019\/wp-json\/wp\/v2\/users\/1"}],"replies":[{"embeddable":true,"href":"https:\/\/jorgezanoni.com.br\/2019\/wp-json\/wp\/v2\/comments?post=8061"}],"version-history":[{"count":0,"href":"https:\/\/jorgezanoni.com.br\/2019\/wp-json\/wp\/v2\/posts\/8061\/revisions"}],"wp:featuredmedia":[{"embeddable":true,"href":"https:\/\/jorgezanoni.com.br\/2019\/wp-json\/wp\/v2\/media\/8067"}],"wp:attachment":[{"href":"https:\/\/jorgezanoni.com.br\/2019\/wp-json\/wp\/v2\/media?parent=8061"}],"wp:term":[{"taxonomy":"category","embeddable":true,"href":"https:\/\/jorgezanoni.com.br\/2019\/wp-json\/wp\/v2\/categories?post=8061"},{"taxonomy":"post_tag","embeddable":true,"href":"https:\/\/jorgezanoni.com.br\/2019\/wp-json\/wp\/v2\/tags?post=8061"}],"curies":[{"name":"wp","href":"https:\/\/api.w.org\/{rel}","templated":true}]}}